{"id":10461,"date":"2025-01-24T17:23:56","date_gmt":"2025-01-24T16:23:56","guid":{"rendered":"https:\/\/wgphoto.pl\/t\/?p=10461"},"modified":"2025-01-24T18:37:42","modified_gmt":"2025-01-24T17:37:42","slug":"strizkov","status":"publish","type":"post","link":"https:\/\/wgphoto.pl\/t\/?p=10461","title":{"rendered":"St\u0159\u00ed\u017ekov"},"content":{"rendered":"\n<figure class=\"wp-block-image aligncenter size-full\"><img loading=\"lazy\" decoding=\"async\" width=\"1399\" height=\"989\" src=\"https:\/\/wgphoto.pl\/t\/wp-content\/uploads\/2025\/01\/IMGP3835.jpg\" alt=\"\" class=\"wp-image-10543\" srcset=\"https:\/\/wgphoto.pl\/t\/wp-content\/uploads\/2025\/01\/IMGP3835.jpg 1399w, https:\/\/wgphoto.pl\/t\/wp-content\/uploads\/2025\/01\/IMGP3835-300x212.jpg 300w, https:\/\/wgphoto.pl\/t\/wp-content\/uploads\/2025\/01\/IMGP3835-768x543.jpg 768w\" sizes=\"auto, (max-width: 1399px) 100vw, 1399px\" \/><\/figure>\n\n\n\n<div class=\"wp-block-group has-global-padding is-layout-constrained wp-block-group-is-layout-constrained\">\n<p>Poci\u0105g linii C, obs\u0142ugiwanej wy\u0142\u0105cznie takimi oto wagonami produkcji Siemensa, zatrzymuje si\u0119 na stacji zlokalizowanej w p\u0142ytkim tunelu. G\u00f3rna po\u0142owa kadru znajduje si\u0119 nad poziomem gruntu, w zwi\u0105zku z czym mo\u017cna by tutaj pope\u0142ni\u0107 foto metra o\u015bwietlonego promieniami s\u0142o\u0144ca. To jedno z niewielu takich miejsc, nie istniej\u0105 bowiem w Pradze naziemne odcinki poprowadzone pod go\u0142ym niebem, w przeciwie\u0144stwie do na(d)ziemnych i zakrytych. 01.04.2014<\/p>\n<\/div>\n","protected":false},"excerpt":{"rendered":"<p>Poci\u0105g linii C, obs\u0142ugiwanej wy\u0142\u0105cznie takimi oto wagonami produkcji Siemensa, zatrzymuje si\u0119 na stacji zlokalizowanej w p\u0142ytkim tunelu. G\u00f3rna po\u0142owa kadru znajduje si\u0119 nad poziomem gruntu, w zwi\u0105zku z czym mo\u017cna by tutaj pope\u0142ni\u0107 foto metra o\u015bwietlonego promieniami s\u0142o\u0144ca. To jedno z niewielu takich miejsc, nie istniej\u0105 bowiem w Pradze naziemne odcinki poprowadzone pod go\u0142ym [&hellip;]<\/p>\n","protected":false},"author":1,"featured_media":10543,"comment_status":"open","ping_status":"","sticky":false,"template":"","format":"standard","meta":{"footnotes":""},"categories":[4,48],"tags":[702,49,2649,52,1505],"class_list":["post-10461","post","type-post","status-publish","format-standard","has-post-thumbnail","hentry","category-metro","category-rok-2014","tag-2014-04-01","tag-czechy","tag-metro-praha","tag-praga","tag-stacje-praskiego-metra"],"_links":{"self":[{"href":"https:\/\/wgphoto.pl\/t\/index.php?rest_route=\/wp\/v2\/posts\/10461","targetHints":{"allow":["GET"]}}],"collection":[{"href":"https:\/\/wgphoto.pl\/t\/index.php?rest_route=\/wp\/v2\/posts"}],"about":[{"href":"https:\/\/wgphoto.pl\/t\/index.php?rest_route=\/wp\/v2\/types\/post"}],"author":[{"embeddable":true,"href":"https:\/\/wgphoto.pl\/t\/index.php?rest_route=\/wp\/v2\/users\/1"}],"replies":[{"embeddable":true,"href":"https:\/\/wgphoto.pl\/t\/index.php?rest_route=%2Fwp%2Fv2%2Fcomments&post=10461"}],"version-history":[{"count":2,"href":"https:\/\/wgphoto.pl\/t\/index.php?rest_route=\/wp\/v2\/posts\/10461\/revisions"}],"predecessor-version":[{"id":10544,"href":"https:\/\/wgphoto.pl\/t\/index.php?rest_route=\/wp\/v2\/posts\/10461\/revisions\/10544"}],"wp:featuredmedia":[{"embeddable":true,"href":"https:\/\/wgphoto.pl\/t\/index.php?rest_route=\/wp\/v2\/media\/10543"}],"wp:attachment":[{"href":"https:\/\/wgphoto.pl\/t\/index.php?rest_route=%2Fwp%2Fv2%2Fmedia&parent=10461"}],"wp:term":[{"taxonomy":"category","embeddable":true,"href":"https:\/\/wgphoto.pl\/t\/index.php?rest_route=%2Fwp%2Fv2%2Fcategories&post=10461"},{"taxonomy":"post_tag","embeddable":true,"href":"https:\/\/wgphoto.pl\/t\/index.php?rest_route=%2Fwp%2Fv2%2Ftags&post=10461"}],"curies":[{"name":"wp","href":"https:\/\/api.w.org\/{rel}","templated":true}]}}