{"id":10479,"date":"2025-01-24T17:30:14","date_gmt":"2025-01-24T16:30:14","guid":{"rendered":"https:\/\/wgphoto.pl\/t\/?p=10479"},"modified":"2025-01-24T18:38:52","modified_gmt":"2025-01-24T17:38:52","slug":"hradcanska-2","status":"publish","type":"post","link":"https:\/\/wgphoto.pl\/t\/?p=10479","title":{"rendered":"Hrad\u010dansk\u00e1"},"content":{"rendered":"\n<figure class=\"wp-block-image aligncenter size-full\"><img loading=\"lazy\" decoding=\"async\" width=\"1400\" height=\"927\" src=\"https:\/\/wgphoto.pl\/t\/wp-content\/uploads\/2025\/01\/IMGP3616.jpg\" alt=\"\" class=\"wp-image-10545\" srcset=\"https:\/\/wgphoto.pl\/t\/wp-content\/uploads\/2025\/01\/IMGP3616.jpg 1400w, https:\/\/wgphoto.pl\/t\/wp-content\/uploads\/2025\/01\/IMGP3616-300x199.jpg 300w, https:\/\/wgphoto.pl\/t\/wp-content\/uploads\/2025\/01\/IMGP3616-768x509.jpg 768w\" sizes=\"auto, (max-width: 1400px) 100vw, 1400px\" \/><\/figure>\n\n\n\n<div class=\"wp-block-group has-global-padding is-layout-constrained wp-block-group-is-layout-constrained\">\n<p>Wystr\u00f3j wszystkich stacji linii A zaprojektowano w latach 70-tych tak, by wygl\u0105da\u0142y ekskluzywnie oraz tajemniczo zarazem. S\u0105dz\u0105c po komentarzach, jakie si\u0119 tu pojawi\u0142y, architektowi praskiego metra, Jaroslavovi Otrubie, uda\u0142o si\u0119 chyba uzyska\u0107 ponadczasowy dizajn. \u015acienne panele z anodowanego aluminium w formie wypuk\u0142ych b\u0105d\u017a wkl\u0119s\u0142ych kr\u0105g\u0142o\u015bci mia\u0142y za zadanie rozprasza\u0107 fale d\u017awi\u0119kowe pochodz\u0105ce od jad\u0105cych wagon\u00f3w. 31.03.2014<\/p>\n<\/div>\n","protected":false},"excerpt":{"rendered":"<p>Wystr\u00f3j wszystkich stacji linii A zaprojektowano w latach 70-tych tak, by wygl\u0105da\u0142y ekskluzywnie oraz tajemniczo zarazem. S\u0105dz\u0105c po komentarzach, jakie si\u0119 tu pojawi\u0142y, architektowi praskiego metra, Jaroslavovi Otrubie, uda\u0142o si\u0119 chyba uzyska\u0107 ponadczasowy dizajn. \u015acienne panele z anodowanego aluminium w formie wypuk\u0142ych b\u0105d\u017a wkl\u0119s\u0142ych kr\u0105g\u0142o\u015bci mia\u0142y za zadanie rozprasza\u0107 fale d\u017awi\u0119kowe pochodz\u0105ce od jad\u0105cych wagon\u00f3w. [&hellip;]<\/p>\n","protected":false},"author":1,"featured_media":10545,"comment_status":"open","ping_status":"","sticky":false,"template":"","format":"standard","meta":{"footnotes":""},"categories":[4,48],"tags":[54,49,173,52,1505,1506],"class_list":["post-10479","post","type-post","status-publish","format-standard","has-post-thumbnail","hentry","category-metro","category-rok-2014","tag-2014-03-31","tag-czechy","tag-koncowki","tag-praga","tag-stacje-praskiego-metra","tag-1506"],"_links":{"self":[{"href":"https:\/\/wgphoto.pl\/t\/index.php?rest_route=\/wp\/v2\/posts\/10479","targetHints":{"allow":["GET"]}}],"collection":[{"href":"https:\/\/wgphoto.pl\/t\/index.php?rest_route=\/wp\/v2\/posts"}],"about":[{"href":"https:\/\/wgphoto.pl\/t\/index.php?rest_route=\/wp\/v2\/types\/post"}],"author":[{"embeddable":true,"href":"https:\/\/wgphoto.pl\/t\/index.php?rest_route=\/wp\/v2\/users\/1"}],"replies":[{"embeddable":true,"href":"https:\/\/wgphoto.pl\/t\/index.php?rest_route=%2Fwp%2Fv2%2Fcomments&post=10479"}],"version-history":[{"count":2,"href":"https:\/\/wgphoto.pl\/t\/index.php?rest_route=\/wp\/v2\/posts\/10479\/revisions"}],"predecessor-version":[{"id":10546,"href":"https:\/\/wgphoto.pl\/t\/index.php?rest_route=\/wp\/v2\/posts\/10479\/revisions\/10546"}],"wp:featuredmedia":[{"embeddable":true,"href":"https:\/\/wgphoto.pl\/t\/index.php?rest_route=\/wp\/v2\/media\/10545"}],"wp:attachment":[{"href":"https:\/\/wgphoto.pl\/t\/index.php?rest_route=%2Fwp%2Fv2%2Fmedia&parent=10479"}],"wp:term":[{"taxonomy":"category","embeddable":true,"href":"https:\/\/wgphoto.pl\/t\/index.php?rest_route=%2Fwp%2Fv2%2Fcategories&post=10479"},{"taxonomy":"post_tag","embeddable":true,"href":"https:\/\/wgphoto.pl\/t\/index.php?rest_route=%2Fwp%2Fv2%2Ftags&post=10479"}],"curies":[{"name":"wp","href":"https:\/\/api.w.org\/{rel}","templated":true}]}}