{"id":1048,"date":"2024-10-01T21:42:10","date_gmt":"2024-10-01T19:42:10","guid":{"rendered":"https:\/\/wgphoto.pl\/t\/?p=1048"},"modified":"2024-10-01T21:42:10","modified_gmt":"2024-10-01T19:42:10","slug":"rumun-pod-czeska-flaga","status":"publish","type":"post","link":"https:\/\/wgphoto.pl\/t\/?p=1048","title":{"rendered":"Rumun pod czesk\u0105 flag\u0105"},"content":{"rendered":"\n<figure class=\"wp-block-image aligncenter size-full\"><img loading=\"lazy\" decoding=\"async\" width=\"1049\" height=\"787\" src=\"https:\/\/wgphoto.pl\/t\/wp-content\/uploads\/2024\/10\/DSCF7323.jpg\" alt=\"\" class=\"wp-image-1049\" srcset=\"https:\/\/wgphoto.pl\/t\/wp-content\/uploads\/2024\/10\/DSCF7323.jpg 1049w, https:\/\/wgphoto.pl\/t\/wp-content\/uploads\/2024\/10\/DSCF7323-300x225.jpg 300w, https:\/\/wgphoto.pl\/t\/wp-content\/uploads\/2024\/10\/DSCF7323-768x576.jpg 768w\" sizes=\"auto, (max-width: 1049px) 100vw, 1049px\" \/><\/figure>\n\n\n\n<div class=\"wp-block-group has-global-padding is-layout-constrained wp-block-group-is-layout-constrained\">\n<p>ST43-354 w Mezim\u011bst\u00ed. Niestety wiatr nie chcia\u0142 dmuchn\u0105\u0107 bardziej. 13.08.2008<\/p>\n<\/div>\n","protected":false},"excerpt":{"rendered":"<p>ST43-354 w Mezim\u011bst\u00ed. Niestety wiatr nie chcia\u0142 dmuchn\u0105\u0107 bardziej. 13.08.2008<\/p>\n","protected":false},"author":1,"featured_media":1049,"comment_status":"open","ping_status":"","sticky":false,"template":"","format":"standard","meta":{"footnotes":""},"categories":[2,120],"tags":[197,49,494,495,63,64,200],"class_list":["post-1048","post","type-post","status-publish","format-standard","has-post-thumbnail","hentry","category-kolej","category-rok-2008","tag-2008-08-13","tag-czechy","tag-flaga","tag-mezimesti","tag-pkp","tag-st43","tag-tab-pl240"],"_links":{"self":[{"href":"https:\/\/wgphoto.pl\/t\/index.php?rest_route=\/wp\/v2\/posts\/1048","targetHints":{"allow":["GET"]}}],"collection":[{"href":"https:\/\/wgphoto.pl\/t\/index.php?rest_route=\/wp\/v2\/posts"}],"about":[{"href":"https:\/\/wgphoto.pl\/t\/index.php?rest_route=\/wp\/v2\/types\/post"}],"author":[{"embeddable":true,"href":"https:\/\/wgphoto.pl\/t\/index.php?rest_route=\/wp\/v2\/users\/1"}],"replies":[{"embeddable":true,"href":"https:\/\/wgphoto.pl\/t\/index.php?rest_route=%2Fwp%2Fv2%2Fcomments&post=1048"}],"version-history":[{"count":1,"href":"https:\/\/wgphoto.pl\/t\/index.php?rest_route=\/wp\/v2\/posts\/1048\/revisions"}],"predecessor-version":[{"id":1050,"href":"https:\/\/wgphoto.pl\/t\/index.php?rest_route=\/wp\/v2\/posts\/1048\/revisions\/1050"}],"wp:featuredmedia":[{"embeddable":true,"href":"https:\/\/wgphoto.pl\/t\/index.php?rest_route=\/wp\/v2\/media\/1049"}],"wp:attachment":[{"href":"https:\/\/wgphoto.pl\/t\/index.php?rest_route=%2Fwp%2Fv2%2Fmedia&parent=1048"}],"wp:term":[{"taxonomy":"category","embeddable":true,"href":"https:\/\/wgphoto.pl\/t\/index.php?rest_route=%2Fwp%2Fv2%2Fcategories&post=1048"},{"taxonomy":"post_tag","embeddable":true,"href":"https:\/\/wgphoto.pl\/t\/index.php?rest_route=%2Fwp%2Fv2%2Ftags&post=1048"}],"curies":[{"name":"wp","href":"https:\/\/api.w.org\/{rel}","templated":true}]}}