{"id":10500,"date":"2025-01-24T17:38:28","date_gmt":"2025-01-24T16:38:28","guid":{"rendered":"https:\/\/wgphoto.pl\/t\/?p=10500"},"modified":"2025-01-24T17:38:28","modified_gmt":"2025-01-24T16:38:28","slug":"kralupy-nad-weltawa","status":"publish","type":"post","link":"https:\/\/wgphoto.pl\/t\/?p=10500","title":{"rendered":"Kralupy nad We\u0142taw\u0105"},"content":{"rendered":"\n<figure class=\"wp-block-image aligncenter size-full\"><img loading=\"lazy\" decoding=\"async\" width=\"1050\" height=\"700\" src=\"https:\/\/wgphoto.pl\/t\/wp-content\/uploads\/2025\/01\/IMGP4256.jpg\" alt=\"\" class=\"wp-image-10501\" srcset=\"https:\/\/wgphoto.pl\/t\/wp-content\/uploads\/2025\/01\/IMGP4256.jpg 1050w, https:\/\/wgphoto.pl\/t\/wp-content\/uploads\/2025\/01\/IMGP4256-300x200.jpg 300w, https:\/\/wgphoto.pl\/t\/wp-content\/uploads\/2025\/01\/IMGP4256-768x512.jpg 768w\" sizes=\"auto, (max-width: 1050px) 100vw, 1050px\" \/><\/figure>\n\n\n\n<div class=\"wp-block-group has-global-padding is-layout-constrained wp-block-group-is-layout-constrained\">\n<p>Wieczorne osob\u00f3wki: 19819 do Kladna i 20326 do Velvar oczekuj\u0105 godzin odjazdu ze swej pocz\u0105tkowej stacji. Pojecha\u0142bym gdzie\u015b w tamten rejon \u015bwiata. 27.09.2011<\/p>\n<\/div>\n","protected":false},"excerpt":{"rendered":"<p>Wieczorne osob\u00f3wki: 19819 do Kladna i 20326 do Velvar oczekuj\u0105 godzin odjazdu ze swej pocz\u0105tkowej stacji. Pojecha\u0142bym gdzie\u015b w tamten rejon \u015bwiata. 27.09.2011<\/p>\n","protected":false},"author":1,"featured_media":10501,"comment_status":"open","ping_status":"","sticky":false,"template":"","format":"standard","meta":{"footnotes":""},"categories":[2,77],"tags":[1230,92,211,50,49,2787,24,3031,1228,90],"class_list":["post-10500","post","type-post","status-publish","format-standard","has-post-thumbnail","hentry","category-kolej","category-rok-2011","tag-2011-09-27","tag-92","tag-211","tag-cd","tag-czechy","tag-kralupy-nad-vltavou","tag-perony","tag-tab-cz093","tag-tab-cz111","tag-wieczorem"],"_links":{"self":[{"href":"https:\/\/wgphoto.pl\/t\/index.php?rest_route=\/wp\/v2\/posts\/10500","targetHints":{"allow":["GET"]}}],"collection":[{"href":"https:\/\/wgphoto.pl\/t\/index.php?rest_route=\/wp\/v2\/posts"}],"about":[{"href":"https:\/\/wgphoto.pl\/t\/index.php?rest_route=\/wp\/v2\/types\/post"}],"author":[{"embeddable":true,"href":"https:\/\/wgphoto.pl\/t\/index.php?rest_route=\/wp\/v2\/users\/1"}],"replies":[{"embeddable":true,"href":"https:\/\/wgphoto.pl\/t\/index.php?rest_route=%2Fwp%2Fv2%2Fcomments&post=10500"}],"version-history":[{"count":1,"href":"https:\/\/wgphoto.pl\/t\/index.php?rest_route=\/wp\/v2\/posts\/10500\/revisions"}],"predecessor-version":[{"id":10502,"href":"https:\/\/wgphoto.pl\/t\/index.php?rest_route=\/wp\/v2\/posts\/10500\/revisions\/10502"}],"wp:featuredmedia":[{"embeddable":true,"href":"https:\/\/wgphoto.pl\/t\/index.php?rest_route=\/wp\/v2\/media\/10501"}],"wp:attachment":[{"href":"https:\/\/wgphoto.pl\/t\/index.php?rest_route=%2Fwp%2Fv2%2Fmedia&parent=10500"}],"wp:term":[{"taxonomy":"category","embeddable":true,"href":"https:\/\/wgphoto.pl\/t\/index.php?rest_route=%2Fwp%2Fv2%2Fcategories&post=10500"},{"taxonomy":"post_tag","embeddable":true,"href":"https:\/\/wgphoto.pl\/t\/index.php?rest_route=%2Fwp%2Fv2%2Ftags&post=10500"}],"curies":[{"name":"wp","href":"https:\/\/api.w.org\/{rel}","templated":true}]}}