{"id":10513,"date":"2025-01-24T17:43:36","date_gmt":"2025-01-24T16:43:36","guid":{"rendered":"https:\/\/wgphoto.pl\/t\/?p=10513"},"modified":"2025-01-25T11:27:18","modified_gmt":"2025-01-25T10:27:18","slug":"lepszy-motorak-przy-peronie-niz-golab-na-dachu","status":"publish","type":"post","link":"https:\/\/wgphoto.pl\/t\/?p=10513","title":{"rendered":"Lepszy motorak przy peronie ni\u017c go\u0142\u0105b na dachu"},"content":{"rendered":"\n<figure class=\"wp-block-image aligncenter size-full\"><img loading=\"lazy\" decoding=\"async\" width=\"1050\" height=\"700\" src=\"https:\/\/wgphoto.pl\/t\/wp-content\/uploads\/2025\/01\/IMGP4183.jpg\" alt=\"\" class=\"wp-image-10514\" srcset=\"https:\/\/wgphoto.pl\/t\/wp-content\/uploads\/2025\/01\/IMGP4183.jpg 1050w, https:\/\/wgphoto.pl\/t\/wp-content\/uploads\/2025\/01\/IMGP4183-300x200.jpg 300w, https:\/\/wgphoto.pl\/t\/wp-content\/uploads\/2025\/01\/IMGP4183-768x512.jpg 768w\" sizes=\"auto, (max-width: 1050px) 100vw, 1050px\" \/><\/figure>\n\n\n\n<div class=\"wp-block-group has-global-padding is-layout-constrained wp-block-group-is-layout-constrained\">\n<p>Kralovice. Bo zwr\u00f3cili\u015bcie uwag\u0119 na te go\u0142\u0119bie na dachu, co nie? 810.685 wkr\u00f3tce odjedzie do odleg\u0142ego o 27 km i jedn\u0105 granic\u0119 wojew\u00f3dzk\u0105 Rakovn\u00edka. W\u00f3wczas w tej relacji wykonywano przeci\u0119tnie 9 par kurs\u00f3w dziennie, a ofert\u0119 kolejow\u0105 uzupe\u0142nia\u0142y mniej lub bardziej skomunikowane (przesiadki po 20-30 minut) po\u0142\u0105czenia zast\u0119pczej komunikacj autobusowej do w\u0119z\u0142owych Mladotic, po\u0142o\u017conych 12 km dalej, na linii Pilzno &#8211; \u017datec. KKA uruchomiono na odcinku \u010cist\u00e1 &#8211; Kralovice &#8211; Mladotice w 1997 roku w wyniku zamkni\u0119cia linii kolejowej z powodu z\u0142ego stanu nawierzchni torowej. Zast\u0105pienie poci\u0105g\u00f3w autobusami zwi\u0119kszy\u0142o funkcjonalny zasi\u0119g sieci \u010cD, gdy\u017c ich trasa przewidywa\u0142a wykonywanie wjazd\u00f3w kieszeniowych do miejscowo\u015bci po\u0142o\u017conych w oddaleniu od g\u0142\u00f3wnej drogi, biegn\u0105cej wzd\u0142u\u017c nieczynnych tor\u00f3w. Cztery lata p\u00f3\u017aniej zrekonstruowano odcinek \u010cist\u00e1 &#8211; Kralovice, co pozwoli\u0142o na ponowne doprowadzenie kolei do najwi\u0119kszej miejscowo\u015bci na trasie &#8211; 3,5-tysi\u0119cznych Kralovic. Od RJ 2013\/2014 wojew\u00f3dztwo pilzne\u0144skie zrezygnowa\u0142o z zamawiania przewoz\u00f3w kolejowych na swoim odcinku, w zwi\u0105zku z czym poci\u0105gi ponownie docieraj\u0105 z Rakovn\u00edka tylko do Czystej. 27.09.2011<\/p>\n<\/div>\n","protected":false},"excerpt":{"rendered":"<p>Kralovice. Bo zwr\u00f3cili\u015bcie uwag\u0119 na te go\u0142\u0119bie na dachu, co nie? 810.685 wkr\u00f3tce odjedzie do odleg\u0142ego o 27 km i jedn\u0105 granic\u0119 wojew\u00f3dzk\u0105 Rakovn\u00edka. W\u00f3wczas w tej relacji wykonywano przeci\u0119tnie 9 par kurs\u00f3w dziennie, a ofert\u0119 kolejow\u0105 uzupe\u0142nia\u0142y mniej lub bardziej skomunikowane (przesiadki po 20-30 minut) po\u0142\u0105czenia zast\u0119pczej komunikacj autobusowej do w\u0119z\u0142owych Mladotic, po\u0142o\u017conych 12 [&hellip;]<\/p>\n","protected":false},"author":1,"featured_media":10514,"comment_status":"open","ping_status":"","sticky":false,"template":"","format":"standard","meta":{"footnotes":""},"categories":[2,77],"tags":[1230,92,50,49,3034,94,3035],"class_list":["post-10513","post","type-post","status-publish","format-standard","has-post-thumbnail","hentry","category-kolej","category-rok-2011","tag-2011-09-27","tag-92","tag-cd","tag-czechy","tag-kralovice-u-rakovnika","tag-na-kolejowym-koncu-swiata","tag-tab-cz162"],"_links":{"self":[{"href":"https:\/\/wgphoto.pl\/t\/index.php?rest_route=\/wp\/v2\/posts\/10513","targetHints":{"allow":["GET"]}}],"collection":[{"href":"https:\/\/wgphoto.pl\/t\/index.php?rest_route=\/wp\/v2\/posts"}],"about":[{"href":"https:\/\/wgphoto.pl\/t\/index.php?rest_route=\/wp\/v2\/types\/post"}],"author":[{"embeddable":true,"href":"https:\/\/wgphoto.pl\/t\/index.php?rest_route=\/wp\/v2\/users\/1"}],"replies":[{"embeddable":true,"href":"https:\/\/wgphoto.pl\/t\/index.php?rest_route=%2Fwp%2Fv2%2Fcomments&post=10513"}],"version-history":[{"count":2,"href":"https:\/\/wgphoto.pl\/t\/index.php?rest_route=\/wp\/v2\/posts\/10513\/revisions"}],"predecessor-version":[{"id":10553,"href":"https:\/\/wgphoto.pl\/t\/index.php?rest_route=\/wp\/v2\/posts\/10513\/revisions\/10553"}],"wp:featuredmedia":[{"embeddable":true,"href":"https:\/\/wgphoto.pl\/t\/index.php?rest_route=\/wp\/v2\/media\/10514"}],"wp:attachment":[{"href":"https:\/\/wgphoto.pl\/t\/index.php?rest_route=%2Fwp%2Fv2%2Fmedia&parent=10513"}],"wp:term":[{"taxonomy":"category","embeddable":true,"href":"https:\/\/wgphoto.pl\/t\/index.php?rest_route=%2Fwp%2Fv2%2Fcategories&post=10513"},{"taxonomy":"post_tag","embeddable":true,"href":"https:\/\/wgphoto.pl\/t\/index.php?rest_route=%2Fwp%2Fv2%2Ftags&post=10513"}],"curies":[{"name":"wp","href":"https:\/\/api.w.org\/{rel}","templated":true}]}}