{"id":10522,"date":"2025-01-24T17:46:58","date_gmt":"2025-01-24T16:46:58","guid":{"rendered":"https:\/\/wgphoto.pl\/t\/?p=10522"},"modified":"2025-01-24T17:46:58","modified_gmt":"2025-01-24T16:46:58","slug":"kladno-ostrovec-1","status":"publish","type":"post","link":"https:\/\/wgphoto.pl\/t\/?p=10522","title":{"rendered":"Kladno-Ostrovec (1)"},"content":{"rendered":"\n<figure class=\"wp-block-image aligncenter size-full\"><img loading=\"lazy\" decoding=\"async\" width=\"1050\" height=\"700\" src=\"https:\/\/wgphoto.pl\/t\/wp-content\/uploads\/2025\/01\/IMGP4260.jpg\" alt=\"\" class=\"wp-image-10523\" srcset=\"https:\/\/wgphoto.pl\/t\/wp-content\/uploads\/2025\/01\/IMGP4260.jpg 1050w, https:\/\/wgphoto.pl\/t\/wp-content\/uploads\/2025\/01\/IMGP4260-300x200.jpg 300w, https:\/\/wgphoto.pl\/t\/wp-content\/uploads\/2025\/01\/IMGP4260-768x512.jpg 768w\" sizes=\"auto, (max-width: 1050px) 100vw, 1050px\" \/><\/figure>\n\n\n\n<div class=\"wp-block-group has-global-padding is-layout-constrained wp-block-group-is-layout-constrained\">\n<p>Poci\u0105g osobowy 9873 do Prahy Masarykova n\u00e1dra\u017e\u00ed oczekuje pory odjazdu na niewielkiej stacji, do kt\u00f3rej wyd\u0142u\u017cone s\u0105 wszystkie kursy z Pragi ko\u0144cz\u0105ce bieg w Kladnie, gdy\u017c le\u017c\u0105cy na uboczu g\u0142\u00f3wny dworzec nie zapewnia wystarczaj\u0105cej obs\u0142ugi komunikacyjnej miasta. To co\u015b jakby wszystkie kursy Wroc\u0142aw &#8211; Jelenia G\u00f3ra ko\u0144czy\u0142y bieg w Jeleniej G\u00f3rze Sobiesz\u00f3w albo i nawet w Piechowicach. 27.09.2011<\/p>\n<\/div>\n","protected":false},"excerpt":{"rendered":"<p>Poci\u0105g osobowy 9873 do Prahy Masarykova n\u00e1dra\u017e\u00ed oczekuje pory odjazdu na niewielkiej stacji, do kt\u00f3rej wyd\u0142u\u017cone s\u0105 wszystkie kursy z Pragi ko\u0144cz\u0105ce bieg w Kladnie, gdy\u017c le\u017c\u0105cy na uboczu g\u0142\u00f3wny dworzec nie zapewnia wystarczaj\u0105cej obs\u0142ugi komunikacyjnej miasta. To co\u015b jakby wszystkie kursy Wroc\u0142aw &#8211; Jelenia G\u00f3ra ko\u0144czy\u0142y bieg w Jeleniej G\u00f3rze Sobiesz\u00f3w albo i nawet [&hellip;]<\/p>\n","protected":false},"author":1,"featured_media":10523,"comment_status":"open","ping_status":"","sticky":false,"template":"","format":"standard","meta":{"footnotes":""},"categories":[2,77],"tags":[1230,211,50,49,3037,196,154,3031],"class_list":["post-10522","post","type-post","status-publish","format-standard","has-post-thumbnail","hentry","category-kolej","category-rok-2011","tag-2011-09-27","tag-211","tag-cd","tag-czechy","tag-kladno-ostrovec","tag-linie-raczej-lokalne","tag-noc","tag-tab-cz093"],"_links":{"self":[{"href":"https:\/\/wgphoto.pl\/t\/index.php?rest_route=\/wp\/v2\/posts\/10522","targetHints":{"allow":["GET"]}}],"collection":[{"href":"https:\/\/wgphoto.pl\/t\/index.php?rest_route=\/wp\/v2\/posts"}],"about":[{"href":"https:\/\/wgphoto.pl\/t\/index.php?rest_route=\/wp\/v2\/types\/post"}],"author":[{"embeddable":true,"href":"https:\/\/wgphoto.pl\/t\/index.php?rest_route=\/wp\/v2\/users\/1"}],"replies":[{"embeddable":true,"href":"https:\/\/wgphoto.pl\/t\/index.php?rest_route=%2Fwp%2Fv2%2Fcomments&post=10522"}],"version-history":[{"count":1,"href":"https:\/\/wgphoto.pl\/t\/index.php?rest_route=\/wp\/v2\/posts\/10522\/revisions"}],"predecessor-version":[{"id":10524,"href":"https:\/\/wgphoto.pl\/t\/index.php?rest_route=\/wp\/v2\/posts\/10522\/revisions\/10524"}],"wp:featuredmedia":[{"embeddable":true,"href":"https:\/\/wgphoto.pl\/t\/index.php?rest_route=\/wp\/v2\/media\/10523"}],"wp:attachment":[{"href":"https:\/\/wgphoto.pl\/t\/index.php?rest_route=%2Fwp%2Fv2%2Fmedia&parent=10522"}],"wp:term":[{"taxonomy":"category","embeddable":true,"href":"https:\/\/wgphoto.pl\/t\/index.php?rest_route=%2Fwp%2Fv2%2Fcategories&post=10522"},{"taxonomy":"post_tag","embeddable":true,"href":"https:\/\/wgphoto.pl\/t\/index.php?rest_route=%2Fwp%2Fv2%2Ftags&post=10522"}],"curies":[{"name":"wp","href":"https:\/\/api.w.org\/{rel}","templated":true}]}}