{"id":10570,"date":"2025-01-25T11:45:46","date_gmt":"2025-01-25T10:45:46","guid":{"rendered":"https:\/\/wgphoto.pl\/t\/?p=10570"},"modified":"2025-01-25T11:45:46","modified_gmt":"2025-01-25T10:45:46","slug":"814-102-0-praha-ruzyne","status":"publish","type":"post","link":"https:\/\/wgphoto.pl\/t\/?p=10570","title":{"rendered":"814 102-0, Praha-Ruzyn\u011b"},"content":{"rendered":"\n<figure class=\"wp-block-image aligncenter size-full\"><img loading=\"lazy\" decoding=\"async\" width=\"1050\" height=\"700\" src=\"https:\/\/wgphoto.pl\/t\/wp-content\/uploads\/2025\/01\/IMGP3390-1.jpg\" alt=\"\" class=\"wp-image-10572\" srcset=\"https:\/\/wgphoto.pl\/t\/wp-content\/uploads\/2025\/01\/IMGP3390-1.jpg 1050w, https:\/\/wgphoto.pl\/t\/wp-content\/uploads\/2025\/01\/IMGP3390-1-300x200.jpg 300w, https:\/\/wgphoto.pl\/t\/wp-content\/uploads\/2025\/01\/IMGP3390-1-768x512.jpg 768w\" sizes=\"auto, (max-width: 1050px) 100vw, 1050px\" \/><\/figure>\n\n\n\n<div class=\"wp-block-group has-global-padding is-layout-constrained wp-block-group-is-layout-constrained\">\n<p>Podobne uj\u0119cie ju\u017c tu wyst\u0105pi\u0142o, tym razem jednak &#8222;motywem&#8221; jest budynek stacyjny. 31.03.2014<\/p>\n<\/div>\n","protected":false},"excerpt":{"rendered":"<p>Podobne uj\u0119cie ju\u017c tu wyst\u0105pi\u0142o, tym razem jednak &#8222;motywem&#8221; jest budynek stacyjny. 31.03.2014<\/p>\n","protected":false},"author":1,"featured_media":10572,"comment_status":"open","ping_status":"","sticky":false,"template":"","format":"standard","meta":{"footnotes":""},"categories":[2,48],"tags":[54,211,50,49,52,2889,53,700],"class_list":["post-10570","post","type-post","status-publish","format-standard","has-post-thumbnail","hentry","category-kolej","category-rok-2014","tag-2014-03-31","tag-211","tag-cd","tag-czechy","tag-praga","tag-praha-ruzyne","tag-sygnalizacja-ksztaltowa","tag-tab-cz120"],"_links":{"self":[{"href":"https:\/\/wgphoto.pl\/t\/index.php?rest_route=\/wp\/v2\/posts\/10570","targetHints":{"allow":["GET"]}}],"collection":[{"href":"https:\/\/wgphoto.pl\/t\/index.php?rest_route=\/wp\/v2\/posts"}],"about":[{"href":"https:\/\/wgphoto.pl\/t\/index.php?rest_route=\/wp\/v2\/types\/post"}],"author":[{"embeddable":true,"href":"https:\/\/wgphoto.pl\/t\/index.php?rest_route=\/wp\/v2\/users\/1"}],"replies":[{"embeddable":true,"href":"https:\/\/wgphoto.pl\/t\/index.php?rest_route=%2Fwp%2Fv2%2Fcomments&post=10570"}],"version-history":[{"count":1,"href":"https:\/\/wgphoto.pl\/t\/index.php?rest_route=\/wp\/v2\/posts\/10570\/revisions"}],"predecessor-version":[{"id":10573,"href":"https:\/\/wgphoto.pl\/t\/index.php?rest_route=\/wp\/v2\/posts\/10570\/revisions\/10573"}],"wp:featuredmedia":[{"embeddable":true,"href":"https:\/\/wgphoto.pl\/t\/index.php?rest_route=\/wp\/v2\/media\/10572"}],"wp:attachment":[{"href":"https:\/\/wgphoto.pl\/t\/index.php?rest_route=%2Fwp%2Fv2%2Fmedia&parent=10570"}],"wp:term":[{"taxonomy":"category","embeddable":true,"href":"https:\/\/wgphoto.pl\/t\/index.php?rest_route=%2Fwp%2Fv2%2Fcategories&post=10570"},{"taxonomy":"post_tag","embeddable":true,"href":"https:\/\/wgphoto.pl\/t\/index.php?rest_route=%2Fwp%2Fv2%2Ftags&post=10570"}],"curies":[{"name":"wp","href":"https:\/\/api.w.org\/{rel}","templated":true}]}}