{"id":10574,"date":"2025-01-25T11:46:54","date_gmt":"2025-01-25T10:46:54","guid":{"rendered":"https:\/\/wgphoto.pl\/t\/?p=10574"},"modified":"2025-01-25T11:46:54","modified_gmt":"2025-01-25T10:46:54","slug":"814-156-6-rudna-u-prahy","status":"publish","type":"post","link":"https:\/\/wgphoto.pl\/t\/?p=10574","title":{"rendered":"814 156-6, Rudn\u00e1 u Prahy"},"content":{"rendered":"\n<figure class=\"wp-block-image aligncenter size-full\"><img loading=\"lazy\" decoding=\"async\" width=\"1050\" height=\"700\" src=\"https:\/\/wgphoto.pl\/t\/wp-content\/uploads\/2025\/01\/IMGP3493.jpg\" alt=\"\" class=\"wp-image-10575\" srcset=\"https:\/\/wgphoto.pl\/t\/wp-content\/uploads\/2025\/01\/IMGP3493.jpg 1050w, https:\/\/wgphoto.pl\/t\/wp-content\/uploads\/2025\/01\/IMGP3493-300x200.jpg 300w, https:\/\/wgphoto.pl\/t\/wp-content\/uploads\/2025\/01\/IMGP3493-768x512.jpg 768w\" sizes=\"auto, (max-width: 1050px) 100vw, 1050px\" \/><\/figure>\n\n\n\n<div class=\"wp-block-group has-global-padding is-layout-constrained wp-block-group-is-layout-constrained\">\n<p>Poci\u0105g osobowy 25857 relacji Nu\u010dice &#8211; Praha-Sm\u00edchov opuszcza Rudn\u0105. Tutejsza stacja, mimo \u017ce zosta\u0142a w ostatnim czasie poddana modernizacji do standardu wysokich peron\u00f3w, wyremontowano tu tak\u017ce nawierzchni\u0119 torow\u0105, wci\u0105\u017c cieszy oko czynnymi semaforami kszta\u0142towymi na &#8222;praskiej&#8221; g\u0142owicy. A konkretniej jednym, grupowym semaforem wyjazdowym oraz jednym wjazdowym (prezentowanym w poprzednich odcinkach). 31.03.2014<\/p>\n<\/div>\n","protected":false},"excerpt":{"rendered":"<p>Poci\u0105g osobowy 25857 relacji Nu\u010dice &#8211; Praha-Sm\u00edchov opuszcza Rudn\u0105. Tutejsza stacja, mimo \u017ce zosta\u0142a w ostatnim czasie poddana modernizacji do standardu wysokich peron\u00f3w, wyremontowano tu tak\u017ce nawierzchni\u0119 torow\u0105, wci\u0105\u017c cieszy oko czynnymi semaforami kszta\u0142towymi na &#8222;praskiej&#8221; g\u0142owicy. A konkretniej jednym, grupowym semaforem wyjazdowym oraz jednym wjazdowym (prezentowanym w poprzednich odcinkach). 31.03.2014<\/p>\n","protected":false},"author":1,"featured_media":10575,"comment_status":"open","ping_status":"","sticky":false,"template":"","format":"standard","meta":{"footnotes":""},"categories":[2,48],"tags":[54,211,50,49,173,196,3042,53,3041],"class_list":["post-10574","post","type-post","status-publish","format-standard","has-post-thumbnail","hentry","category-kolej","category-rok-2014","tag-2014-03-31","tag-211","tag-cd","tag-czechy","tag-koncowki","tag-linie-raczej-lokalne","tag-rudna-u-prahy","tag-sygnalizacja-ksztaltowa","tag-tab-cz173"],"_links":{"self":[{"href":"https:\/\/wgphoto.pl\/t\/index.php?rest_route=\/wp\/v2\/posts\/10574","targetHints":{"allow":["GET"]}}],"collection":[{"href":"https:\/\/wgphoto.pl\/t\/index.php?rest_route=\/wp\/v2\/posts"}],"about":[{"href":"https:\/\/wgphoto.pl\/t\/index.php?rest_route=\/wp\/v2\/types\/post"}],"author":[{"embeddable":true,"href":"https:\/\/wgphoto.pl\/t\/index.php?rest_route=\/wp\/v2\/users\/1"}],"replies":[{"embeddable":true,"href":"https:\/\/wgphoto.pl\/t\/index.php?rest_route=%2Fwp%2Fv2%2Fcomments&post=10574"}],"version-history":[{"count":1,"href":"https:\/\/wgphoto.pl\/t\/index.php?rest_route=\/wp\/v2\/posts\/10574\/revisions"}],"predecessor-version":[{"id":10576,"href":"https:\/\/wgphoto.pl\/t\/index.php?rest_route=\/wp\/v2\/posts\/10574\/revisions\/10576"}],"wp:featuredmedia":[{"embeddable":true,"href":"https:\/\/wgphoto.pl\/t\/index.php?rest_route=\/wp\/v2\/media\/10575"}],"wp:attachment":[{"href":"https:\/\/wgphoto.pl\/t\/index.php?rest_route=%2Fwp%2Fv2%2Fmedia&parent=10574"}],"wp:term":[{"taxonomy":"category","embeddable":true,"href":"https:\/\/wgphoto.pl\/t\/index.php?rest_route=%2Fwp%2Fv2%2Fcategories&post=10574"},{"taxonomy":"post_tag","embeddable":true,"href":"https:\/\/wgphoto.pl\/t\/index.php?rest_route=%2Fwp%2Fv2%2Ftags&post=10574"}],"curies":[{"name":"wp","href":"https:\/\/api.w.org\/{rel}","templated":true}]}}