{"id":10577,"date":"2025-01-25T11:47:49","date_gmt":"2025-01-25T10:47:49","guid":{"rendered":"https:\/\/wgphoto.pl\/t\/?p=10577"},"modified":"2025-01-25T11:47:49","modified_gmt":"2025-01-25T10:47:49","slug":"wjazd-na-bok","status":"publish","type":"post","link":"https:\/\/wgphoto.pl\/t\/?p=10577","title":{"rendered":"Wjazd na bok"},"content":{"rendered":"\n<figure class=\"wp-block-image aligncenter size-full\"><img loading=\"lazy\" decoding=\"async\" width=\"1300\" height=\"861\" src=\"https:\/\/wgphoto.pl\/t\/wp-content\/uploads\/2025\/01\/IMGP3497.jpg\" alt=\"\" class=\"wp-image-10578\" srcset=\"https:\/\/wgphoto.pl\/t\/wp-content\/uploads\/2025\/01\/IMGP3497.jpg 1300w, https:\/\/wgphoto.pl\/t\/wp-content\/uploads\/2025\/01\/IMGP3497-300x199.jpg 300w, https:\/\/wgphoto.pl\/t\/wp-content\/uploads\/2025\/01\/IMGP3497-768x509.jpg 768w\" sizes=\"auto, (max-width: 1300px) 100vw, 1300px\" \/><\/figure>\n\n\n\n<div class=\"wp-block-group has-global-padding is-layout-constrained wp-block-group-is-layout-constrained\">\n<p>To sama sytuacja co na wczorajszym zdj\u0119ciu, lecz ogl\u0105dana z wiaduktu. Tym razem do Rudnej ko\u0142o Pragi wje\u017cd\u017ca jednostka 814.196 jako poci\u0105g 25854 relacji Praha-Sm\u00edchov &#8211; Nu\u010dice. 31.03.2014<\/p>\n<\/div>\n","protected":false},"excerpt":{"rendered":"<p>To sama sytuacja co na wczorajszym zdj\u0119ciu, lecz ogl\u0105dana z wiaduktu. Tym razem do Rudnej ko\u0142o Pragi wje\u017cd\u017ca jednostka 814.196 jako poci\u0105g 25854 relacji Praha-Sm\u00edchov &#8211; Nu\u010dice. 31.03.2014<\/p>\n","protected":false},"author":1,"featured_media":10578,"comment_status":"open","ping_status":"","sticky":false,"template":"","format":"standard","meta":{"footnotes":""},"categories":[2,48],"tags":[54,211,50,49,173,196,3042,53,3041],"class_list":["post-10577","post","type-post","status-publish","format-standard","has-post-thumbnail","hentry","category-kolej","category-rok-2014","tag-2014-03-31","tag-211","tag-cd","tag-czechy","tag-koncowki","tag-linie-raczej-lokalne","tag-rudna-u-prahy","tag-sygnalizacja-ksztaltowa","tag-tab-cz173"],"_links":{"self":[{"href":"https:\/\/wgphoto.pl\/t\/index.php?rest_route=\/wp\/v2\/posts\/10577","targetHints":{"allow":["GET"]}}],"collection":[{"href":"https:\/\/wgphoto.pl\/t\/index.php?rest_route=\/wp\/v2\/posts"}],"about":[{"href":"https:\/\/wgphoto.pl\/t\/index.php?rest_route=\/wp\/v2\/types\/post"}],"author":[{"embeddable":true,"href":"https:\/\/wgphoto.pl\/t\/index.php?rest_route=\/wp\/v2\/users\/1"}],"replies":[{"embeddable":true,"href":"https:\/\/wgphoto.pl\/t\/index.php?rest_route=%2Fwp%2Fv2%2Fcomments&post=10577"}],"version-history":[{"count":1,"href":"https:\/\/wgphoto.pl\/t\/index.php?rest_route=\/wp\/v2\/posts\/10577\/revisions"}],"predecessor-version":[{"id":10579,"href":"https:\/\/wgphoto.pl\/t\/index.php?rest_route=\/wp\/v2\/posts\/10577\/revisions\/10579"}],"wp:featuredmedia":[{"embeddable":true,"href":"https:\/\/wgphoto.pl\/t\/index.php?rest_route=\/wp\/v2\/media\/10578"}],"wp:attachment":[{"href":"https:\/\/wgphoto.pl\/t\/index.php?rest_route=%2Fwp%2Fv2%2Fmedia&parent=10577"}],"wp:term":[{"taxonomy":"category","embeddable":true,"href":"https:\/\/wgphoto.pl\/t\/index.php?rest_route=%2Fwp%2Fv2%2Fcategories&post=10577"},{"taxonomy":"post_tag","embeddable":true,"href":"https:\/\/wgphoto.pl\/t\/index.php?rest_route=%2Fwp%2Fv2%2Ftags&post=10577"}],"curies":[{"name":"wp","href":"https:\/\/api.w.org\/{rel}","templated":true}]}}