{"id":10580,"date":"2025-01-25T11:48:57","date_gmt":"2025-01-25T10:48:57","guid":{"rendered":"https:\/\/wgphoto.pl\/t\/?p=10580"},"modified":"2025-01-25T11:48:57","modified_gmt":"2025-01-25T10:48:57","slug":"zolty-plastik-w-kamiennej-ramce","status":"publish","type":"post","link":"https:\/\/wgphoto.pl\/t\/?p=10580","title":{"rendered":"\u017b\u00f3\u0142ty plastik w kamiennej ramce"},"content":{"rendered":"\n<figure class=\"wp-block-image aligncenter size-full\"><img loading=\"lazy\" decoding=\"async\" width=\"1300\" height=\"861\" src=\"https:\/\/wgphoto.pl\/t\/wp-content\/uploads\/2025\/01\/IMGP3509.jpg\" alt=\"\" class=\"wp-image-10581\" srcset=\"https:\/\/wgphoto.pl\/t\/wp-content\/uploads\/2025\/01\/IMGP3509.jpg 1300w, https:\/\/wgphoto.pl\/t\/wp-content\/uploads\/2025\/01\/IMGP3509-300x199.jpg 300w, https:\/\/wgphoto.pl\/t\/wp-content\/uploads\/2025\/01\/IMGP3509-768x509.jpg 768w\" sizes=\"auto, (max-width: 1300px) 100vw, 1300px\" \/><\/figure>\n\n\n\n<div class=\"wp-block-group has-global-padding is-layout-constrained wp-block-group-is-layout-constrained\">\n<p>Poci\u0105g osobowy 25856 relacji Praha-Sm\u00edchov &#8211; Nu\u010dice zbli\u017ca si\u0119 do semafora wjazdowego do Rudnej ko\u0142o Pragi. Taka senna lokalka stanowi podmiejsk\u0105 lini\u0119 S6 praskiego &#8222;eska&#8221;. Motoraki \u015bmigaj\u0105 tu od 5:30 do 21:30 w 30-minutowym takcie. 31.03.2014<\/p>\n<\/div>\n","protected":false},"excerpt":{"rendered":"<p>Poci\u0105g osobowy 25856 relacji Praha-Sm\u00edchov &#8211; Nu\u010dice zbli\u017ca si\u0119 do semafora wjazdowego do Rudnej ko\u0142o Pragi. Taka senna lokalka stanowi podmiejsk\u0105 lini\u0119 S6 praskiego &#8222;eska&#8221;. Motoraki \u015bmigaj\u0105 tu od 5:30 do 21:30 w 30-minutowym takcie. 31.03.2014<\/p>\n","protected":false},"author":1,"featured_media":10581,"comment_status":"open","ping_status":"","sticky":false,"template":"","format":"standard","meta":{"footnotes":""},"categories":[2,48],"tags":[54,211,50,49,173,196,45,905,3042,53,3041],"class_list":["post-10580","post","type-post","status-publish","format-standard","has-post-thumbnail","hentry","category-kolej","category-rok-2014","tag-2014-03-31","tag-211","tag-cd","tag-czechy","tag-koncowki","tag-linie-raczej-lokalne","tag-most","tag-przez","tag-rudna-u-prahy","tag-sygnalizacja-ksztaltowa","tag-tab-cz173"],"_links":{"self":[{"href":"https:\/\/wgphoto.pl\/t\/index.php?rest_route=\/wp\/v2\/posts\/10580","targetHints":{"allow":["GET"]}}],"collection":[{"href":"https:\/\/wgphoto.pl\/t\/index.php?rest_route=\/wp\/v2\/posts"}],"about":[{"href":"https:\/\/wgphoto.pl\/t\/index.php?rest_route=\/wp\/v2\/types\/post"}],"author":[{"embeddable":true,"href":"https:\/\/wgphoto.pl\/t\/index.php?rest_route=\/wp\/v2\/users\/1"}],"replies":[{"embeddable":true,"href":"https:\/\/wgphoto.pl\/t\/index.php?rest_route=%2Fwp%2Fv2%2Fcomments&post=10580"}],"version-history":[{"count":1,"href":"https:\/\/wgphoto.pl\/t\/index.php?rest_route=\/wp\/v2\/posts\/10580\/revisions"}],"predecessor-version":[{"id":10582,"href":"https:\/\/wgphoto.pl\/t\/index.php?rest_route=\/wp\/v2\/posts\/10580\/revisions\/10582"}],"wp:featuredmedia":[{"embeddable":true,"href":"https:\/\/wgphoto.pl\/t\/index.php?rest_route=\/wp\/v2\/media\/10581"}],"wp:attachment":[{"href":"https:\/\/wgphoto.pl\/t\/index.php?rest_route=%2Fwp%2Fv2%2Fmedia&parent=10580"}],"wp:term":[{"taxonomy":"category","embeddable":true,"href":"https:\/\/wgphoto.pl\/t\/index.php?rest_route=%2Fwp%2Fv2%2Fcategories&post=10580"},{"taxonomy":"post_tag","embeddable":true,"href":"https:\/\/wgphoto.pl\/t\/index.php?rest_route=%2Fwp%2Fv2%2Ftags&post=10580"}],"curies":[{"name":"wp","href":"https:\/\/api.w.org\/{rel}","templated":true}]}}