{"id":10583,"date":"2025-01-25T11:55:46","date_gmt":"2025-01-25T10:55:46","guid":{"rendered":"https:\/\/wgphoto.pl\/t\/?p=10583"},"modified":"2025-01-25T11:59:20","modified_gmt":"2025-01-25T10:59:20","slug":"godz-735-i-wciaz-szaroburo","status":"publish","type":"post","link":"https:\/\/wgphoto.pl\/t\/?p=10583","title":{"rendered":"Godz. 7:35 i wci\u0105\u017c szaroburo"},"content":{"rendered":"\n<figure class=\"wp-block-image aligncenter size-full\"><img loading=\"lazy\" decoding=\"async\" width=\"1399\" height=\"933\" src=\"https:\/\/wgphoto.pl\/t\/wp-content\/uploads\/2025\/01\/IMGP3370.jpg\" alt=\"\" class=\"wp-image-10584\" srcset=\"https:\/\/wgphoto.pl\/t\/wp-content\/uploads\/2025\/01\/IMGP3370.jpg 1399w, https:\/\/wgphoto.pl\/t\/wp-content\/uploads\/2025\/01\/IMGP3370-300x200.jpg 300w, https:\/\/wgphoto.pl\/t\/wp-content\/uploads\/2025\/01\/IMGP3370-768x512.jpg 768w\" sizes=\"auto, (max-width: 1399px) 100vw, 1399px\" \/><\/figure>\n\n\n\n<div class=\"wp-block-group has-global-padding is-layout-constrained wp-block-group-is-layout-constrained\">\n<p>750.707 z poci\u0105giem pospiesznym 1232 relacji Praha Masarykovo n\u00e1dra\u017e\u00ed &#8211; Rakovn\u00edk mija bez zatrzymania stacj\u0119 Jene\u010d. Obecnie ta podmiejska trasa (na odcinku do Kladna) przechodzi g\u0142\u0119bok\u0105 modernizacj\u0119, z rozbudow\u0105 do dw\u00f3ch tor\u00f3w i elektryfikacj\u0105 oraz ca\u0142kowit\u0105 przebudow\u0105 najwi\u0119kszych stacji. Nie ma tam mowy o pudrowaniu trupa czy odtwarzaniu uk\u0142ad\u00f3w sprzed stu lat, co niestety jest powszechne w Polsce i cz\u0119sto niweczy efekty wielomilionowych inwestycji. Czesi wiedz\u0105, \u017ce liczy si\u0119 realny efekt adekwatny do wsp\u00f3\u0142czesnych standard\u00f3w. 31.03.2014<\/p>\n<\/div>\n","protected":false},"excerpt":{"rendered":"<p>750.707 z poci\u0105giem pospiesznym 1232 relacji Praha Masarykovo n\u00e1dra\u017e\u00ed &#8211; Rakovn\u00edk mija bez zatrzymania stacj\u0119 Jene\u010d. Obecnie ta podmiejska trasa (na odcinku do Kladna) przechodzi g\u0142\u0119bok\u0105 modernizacj\u0119, z rozbudow\u0105 do dw\u00f3ch tor\u00f3w i elektryfikacj\u0105 oraz ca\u0142kowit\u0105 przebudow\u0105 najwi\u0119kszych stacji. Nie ma tam mowy o pudrowaniu trupa czy odtwarzaniu uk\u0142ad\u00f3w sprzed stu lat, co niestety jest [&hellip;]<\/p>\n","protected":false},"author":1,"featured_media":10584,"comment_status":"open","ping_status":"","sticky":false,"template":"","format":"standard","meta":{"footnotes":""},"categories":[2,48],"tags":[54,1467,50,49,2610,176,53,700],"class_list":["post-10583","post","type-post","status-publish","format-standard","has-post-thumbnail","hentry","category-kolej","category-rok-2014","tag-2014-03-31","tag-1467","tag-cd","tag-czechy","tag-jenec","tag-rano","tag-sygnalizacja-ksztaltowa","tag-tab-cz120"],"_links":{"self":[{"href":"https:\/\/wgphoto.pl\/t\/index.php?rest_route=\/wp\/v2\/posts\/10583","targetHints":{"allow":["GET"]}}],"collection":[{"href":"https:\/\/wgphoto.pl\/t\/index.php?rest_route=\/wp\/v2\/posts"}],"about":[{"href":"https:\/\/wgphoto.pl\/t\/index.php?rest_route=\/wp\/v2\/types\/post"}],"author":[{"embeddable":true,"href":"https:\/\/wgphoto.pl\/t\/index.php?rest_route=\/wp\/v2\/users\/1"}],"replies":[{"embeddable":true,"href":"https:\/\/wgphoto.pl\/t\/index.php?rest_route=%2Fwp%2Fv2%2Fcomments&post=10583"}],"version-history":[{"count":3,"href":"https:\/\/wgphoto.pl\/t\/index.php?rest_route=\/wp\/v2\/posts\/10583\/revisions"}],"predecessor-version":[{"id":10587,"href":"https:\/\/wgphoto.pl\/t\/index.php?rest_route=\/wp\/v2\/posts\/10583\/revisions\/10587"}],"wp:featuredmedia":[{"embeddable":true,"href":"https:\/\/wgphoto.pl\/t\/index.php?rest_route=\/wp\/v2\/media\/10584"}],"wp:attachment":[{"href":"https:\/\/wgphoto.pl\/t\/index.php?rest_route=%2Fwp%2Fv2%2Fmedia&parent=10583"}],"wp:term":[{"taxonomy":"category","embeddable":true,"href":"https:\/\/wgphoto.pl\/t\/index.php?rest_route=%2Fwp%2Fv2%2Fcategories&post=10583"},{"taxonomy":"post_tag","embeddable":true,"href":"https:\/\/wgphoto.pl\/t\/index.php?rest_route=%2Fwp%2Fv2%2Ftags&post=10583"}],"curies":[{"name":"wp","href":"https:\/\/api.w.org\/{rel}","templated":true}]}}