{"id":10591,"date":"2025-01-25T18:30:49","date_gmt":"2025-01-25T17:30:49","guid":{"rendered":"https:\/\/wgphoto.pl\/t\/?p=10591"},"modified":"2025-01-25T18:30:49","modified_gmt":"2025-01-25T17:30:49","slug":"popoludniowy-kibelek","status":"publish","type":"post","link":"https:\/\/wgphoto.pl\/t\/?p=10591","title":{"rendered":"Popo\u0142udniowy kibelek"},"content":{"rendered":"\n<figure class=\"wp-block-image aligncenter size-full\"><img loading=\"lazy\" decoding=\"async\" width=\"1400\" height=\"909\" src=\"https:\/\/wgphoto.pl\/t\/wp-content\/uploads\/2025\/01\/0901-14.jpg\" alt=\"\" class=\"wp-image-10592\" srcset=\"https:\/\/wgphoto.pl\/t\/wp-content\/uploads\/2025\/01\/0901-14.jpg 1400w, https:\/\/wgphoto.pl\/t\/wp-content\/uploads\/2025\/01\/0901-14-300x195.jpg 300w, https:\/\/wgphoto.pl\/t\/wp-content\/uploads\/2025\/01\/0901-14-768x499.jpg 768w\" sizes=\"auto, (max-width: 1400px) 100vw, 1400px\" \/><\/figure>\n\n\n\n<div class=\"wp-block-group has-global-padding is-layout-constrained wp-block-group-is-layout-constrained\">\n<p>Odcinek Bystrzyca K\u0142odzka &#8211; Gorzan\u00f3w. EN57-839 jako poc. 334 z Mi\u0119dzylesia do Wroc\u0142awia zbli\u017ca si\u0119 do jednego z wielu most\u00f3w na Nysie K\u0142odzkiej w g\u00f3rnym przebiegu linii. 25.01.2009<\/p>\n<\/div>\n","protected":false},"excerpt":{"rendered":"<p>Odcinek Bystrzyca K\u0142odzka &#8211; Gorzan\u00f3w. EN57-839 jako poc. 334 z Mi\u0119dzylesia do Wroc\u0142awia zbli\u017ca si\u0119 do jednego z wielu most\u00f3w na Nysie K\u0142odzkiej w g\u00f3rnym przebiegu linii. 25.01.2009<\/p>\n","protected":false},"author":1,"featured_media":10592,"comment_status":"open","ping_status":"","sticky":false,"template":"","format":"standard","meta":{"footnotes":""},"categories":[62,2,169],"tags":[2208,1574,132,823,45,63,27,905,181,383],"class_list":["post-10591","post","type-post","status-publish","format-standard","has-post-thumbnail","hentry","category-analog","category-kolej","category-rok-2009","tag-2009-01-25","tag-bystrzyca-klodzka","tag-en57","tag-gorzanow","tag-most","tag-pkp","tag-polska","tag-przez","tag-slonce","tag-tab-pl230"],"_links":{"self":[{"href":"https:\/\/wgphoto.pl\/t\/index.php?rest_route=\/wp\/v2\/posts\/10591","targetHints":{"allow":["GET"]}}],"collection":[{"href":"https:\/\/wgphoto.pl\/t\/index.php?rest_route=\/wp\/v2\/posts"}],"about":[{"href":"https:\/\/wgphoto.pl\/t\/index.php?rest_route=\/wp\/v2\/types\/post"}],"author":[{"embeddable":true,"href":"https:\/\/wgphoto.pl\/t\/index.php?rest_route=\/wp\/v2\/users\/1"}],"replies":[{"embeddable":true,"href":"https:\/\/wgphoto.pl\/t\/index.php?rest_route=%2Fwp%2Fv2%2Fcomments&post=10591"}],"version-history":[{"count":1,"href":"https:\/\/wgphoto.pl\/t\/index.php?rest_route=\/wp\/v2\/posts\/10591\/revisions"}],"predecessor-version":[{"id":10593,"href":"https:\/\/wgphoto.pl\/t\/index.php?rest_route=\/wp\/v2\/posts\/10591\/revisions\/10593"}],"wp:featuredmedia":[{"embeddable":true,"href":"https:\/\/wgphoto.pl\/t\/index.php?rest_route=\/wp\/v2\/media\/10592"}],"wp:attachment":[{"href":"https:\/\/wgphoto.pl\/t\/index.php?rest_route=%2Fwp%2Fv2%2Fmedia&parent=10591"}],"wp:term":[{"taxonomy":"category","embeddable":true,"href":"https:\/\/wgphoto.pl\/t\/index.php?rest_route=%2Fwp%2Fv2%2Fcategories&post=10591"},{"taxonomy":"post_tag","embeddable":true,"href":"https:\/\/wgphoto.pl\/t\/index.php?rest_route=%2Fwp%2Fv2%2Ftags&post=10591"}],"curies":[{"name":"wp","href":"https:\/\/api.w.org\/{rel}","templated":true}]}}