{"id":10594,"date":"2025-01-25T19:02:37","date_gmt":"2025-01-25T18:02:37","guid":{"rendered":"https:\/\/wgphoto.pl\/t\/?p=10594"},"modified":"2025-01-25T19:02:37","modified_gmt":"2025-01-25T18:02:37","slug":"poranny-trapez","status":"publish","type":"post","link":"https:\/\/wgphoto.pl\/t\/?p=10594","title":{"rendered":"Poranny trapez"},"content":{"rendered":"\n<figure class=\"wp-block-image aligncenter size-full\"><img loading=\"lazy\" decoding=\"async\" width=\"1200\" height=\"820\" src=\"https:\/\/wgphoto.pl\/t\/wp-content\/uploads\/2025\/01\/IMGP3044.jpg\" alt=\"\" class=\"wp-image-10595\" srcset=\"https:\/\/wgphoto.pl\/t\/wp-content\/uploads\/2025\/01\/IMGP3044.jpg 1200w, https:\/\/wgphoto.pl\/t\/wp-content\/uploads\/2025\/01\/IMGP3044-300x205.jpg 300w, https:\/\/wgphoto.pl\/t\/wp-content\/uploads\/2025\/01\/IMGP3044-768x525.jpg 768w\" sizes=\"auto, (max-width: 1200px) 100vw, 1200px\" \/><\/figure>\n\n\n\n<div class=\"wp-block-group has-global-padding is-layout-constrained wp-block-group-is-layout-constrained\">\n<p>Legnica. Kierownik poci\u0105gu ju\u017c wypatruje &#8222;wolnej drogi&#8221;, by da\u0107 sygna\u0142 odjazdu porannemu poci\u0105gowi do \u017bar. 2015-09-22<\/p>\n<\/div>\n","protected":false},"excerpt":{"rendered":"<p>Legnica. Kierownik poci\u0105gu ju\u017c wypatruje &#8222;wolnej drogi&#8221;, by da\u0107 sygna\u0142 odjazdu porannemu poci\u0105gowi do \u017bar. 2015-09-22<\/p>\n","protected":false},"author":1,"featured_media":10595,"comment_status":"open","ping_status":"","sticky":false,"template":"","format":"standard","meta":{"footnotes":""},"categories":[2,104],"tags":[1964,179,661,63,27,176,1528,356],"class_list":["post-10594","post","type-post","status-publish","format-standard","has-post-thumbnail","hentry","category-kolej","category-rok-2015","tag-2015-09-22","tag-hala-peronowa","tag-legnica","tag-pkp","tag-polska","tag-rano","tag-sa105","tag-tab-pl270"],"_links":{"self":[{"href":"https:\/\/wgphoto.pl\/t\/index.php?rest_route=\/wp\/v2\/posts\/10594","targetHints":{"allow":["GET"]}}],"collection":[{"href":"https:\/\/wgphoto.pl\/t\/index.php?rest_route=\/wp\/v2\/posts"}],"about":[{"href":"https:\/\/wgphoto.pl\/t\/index.php?rest_route=\/wp\/v2\/types\/post"}],"author":[{"embeddable":true,"href":"https:\/\/wgphoto.pl\/t\/index.php?rest_route=\/wp\/v2\/users\/1"}],"replies":[{"embeddable":true,"href":"https:\/\/wgphoto.pl\/t\/index.php?rest_route=%2Fwp%2Fv2%2Fcomments&post=10594"}],"version-history":[{"count":1,"href":"https:\/\/wgphoto.pl\/t\/index.php?rest_route=\/wp\/v2\/posts\/10594\/revisions"}],"predecessor-version":[{"id":10596,"href":"https:\/\/wgphoto.pl\/t\/index.php?rest_route=\/wp\/v2\/posts\/10594\/revisions\/10596"}],"wp:featuredmedia":[{"embeddable":true,"href":"https:\/\/wgphoto.pl\/t\/index.php?rest_route=\/wp\/v2\/media\/10595"}],"wp:attachment":[{"href":"https:\/\/wgphoto.pl\/t\/index.php?rest_route=%2Fwp%2Fv2%2Fmedia&parent=10594"}],"wp:term":[{"taxonomy":"category","embeddable":true,"href":"https:\/\/wgphoto.pl\/t\/index.php?rest_route=%2Fwp%2Fv2%2Fcategories&post=10594"},{"taxonomy":"post_tag","embeddable":true,"href":"https:\/\/wgphoto.pl\/t\/index.php?rest_route=%2Fwp%2Fv2%2Ftags&post=10594"}],"curies":[{"name":"wp","href":"https:\/\/api.w.org\/{rel}","templated":true}]}}