{"id":10597,"date":"2025-01-25T19:03:49","date_gmt":"2025-01-25T18:03:49","guid":{"rendered":"https:\/\/wgphoto.pl\/t\/?p=10597"},"modified":"2025-01-25T19:03:49","modified_gmt":"2025-01-25T18:03:49","slug":"143-865-4","status":"publish","type":"post","link":"https:\/\/wgphoto.pl\/t\/?p=10597","title":{"rendered":"143 865-4"},"content":{"rendered":"\n<figure class=\"wp-block-image aligncenter size-full\"><img loading=\"lazy\" decoding=\"async\" width=\"1100\" height=\"700\" src=\"https:\/\/wgphoto.pl\/t\/wp-content\/uploads\/2025\/01\/0817-27.jpg\" alt=\"\" class=\"wp-image-10598\" srcset=\"https:\/\/wgphoto.pl\/t\/wp-content\/uploads\/2025\/01\/0817-27.jpg 1100w, https:\/\/wgphoto.pl\/t\/wp-content\/uploads\/2025\/01\/0817-27-300x191.jpg 300w, https:\/\/wgphoto.pl\/t\/wp-content\/uploads\/2025\/01\/0817-27-768x489.jpg 768w\" sizes=\"auto, (max-width: 1100px) 100vw, 1100px\" \/><\/figure>\n\n\n\n<div class=\"wp-block-group has-global-padding is-layout-constrained wp-block-group-is-layout-constrained\">\n<p>Pozostaj\u0105c przy tematyce hal peronowych przenosimy si\u0119 &#8222;par\u0119&#8221; kilometr\u00f3w na zach\u00f3d. S-bahn do Mei\u00dfen Triebistal, kt\u00f3remu mocy udziela tytu\u0142owa lokomotywa, zosta\u0142 z\u0142apany w czasie kr\u00f3tkiego postoju na stacji Dresden-Neustadt. 2008-09-28<\/p>\n<\/div>\n","protected":false},"excerpt":{"rendered":"<p>Pozostaj\u0105c przy tematyce hal peronowych przenosimy si\u0119 &#8222;par\u0119&#8221; kilometr\u00f3w na zach\u00f3d. S-bahn do Mei\u00dfen Triebistal, kt\u00f3remu mocy udziela tytu\u0142owa lokomotywa, zosta\u0142 z\u0142apany w czasie kr\u00f3tkiego postoju na stacji Dresden-Neustadt. 2008-09-28<\/p>\n","protected":false},"author":1,"featured_media":10598,"comment_status":"open","ping_status":"","sticky":false,"template":"","format":"standard","meta":{"footnotes":""},"categories":[62,2,120],"tags":[856,2063,745,206,3043,851,179,173,23,154],"class_list":["post-10597","post","type-post","status-publish","format-standard","has-post-thumbnail","hentry","category-analog","category-kolej","category-rok-2008","tag-856","tag-2008-09-28","tag-budowa","tag-db","tag-dresden-neustadt","tag-drezno","tag-hala-peronowa","tag-koncowki","tag-niemcy","tag-noc"],"_links":{"self":[{"href":"https:\/\/wgphoto.pl\/t\/index.php?rest_route=\/wp\/v2\/posts\/10597","targetHints":{"allow":["GET"]}}],"collection":[{"href":"https:\/\/wgphoto.pl\/t\/index.php?rest_route=\/wp\/v2\/posts"}],"about":[{"href":"https:\/\/wgphoto.pl\/t\/index.php?rest_route=\/wp\/v2\/types\/post"}],"author":[{"embeddable":true,"href":"https:\/\/wgphoto.pl\/t\/index.php?rest_route=\/wp\/v2\/users\/1"}],"replies":[{"embeddable":true,"href":"https:\/\/wgphoto.pl\/t\/index.php?rest_route=%2Fwp%2Fv2%2Fcomments&post=10597"}],"version-history":[{"count":1,"href":"https:\/\/wgphoto.pl\/t\/index.php?rest_route=\/wp\/v2\/posts\/10597\/revisions"}],"predecessor-version":[{"id":10599,"href":"https:\/\/wgphoto.pl\/t\/index.php?rest_route=\/wp\/v2\/posts\/10597\/revisions\/10599"}],"wp:featuredmedia":[{"embeddable":true,"href":"https:\/\/wgphoto.pl\/t\/index.php?rest_route=\/wp\/v2\/media\/10598"}],"wp:attachment":[{"href":"https:\/\/wgphoto.pl\/t\/index.php?rest_route=%2Fwp%2Fv2%2Fmedia&parent=10597"}],"wp:term":[{"taxonomy":"category","embeddable":true,"href":"https:\/\/wgphoto.pl\/t\/index.php?rest_route=%2Fwp%2Fv2%2Fcategories&post=10597"},{"taxonomy":"post_tag","embeddable":true,"href":"https:\/\/wgphoto.pl\/t\/index.php?rest_route=%2Fwp%2Fv2%2Ftags&post=10597"}],"curies":[{"name":"wp","href":"https:\/\/api.w.org\/{rel}","templated":true}]}}