{"id":1060,"date":"2024-10-01T21:47:24","date_gmt":"2024-10-01T19:47:24","guid":{"rendered":"https:\/\/wgphoto.pl\/t\/?p=1060"},"modified":"2024-10-01T21:47:24","modified_gmt":"2024-10-01T19:47:24","slug":"lazne-kynzvart","status":"publish","type":"post","link":"https:\/\/wgphoto.pl\/t\/?p=1060","title":{"rendered":"L\u00e1zn\u011b Kyn\u017evart"},"content":{"rendered":"\n<figure class=\"wp-block-image aligncenter size-full\"><img loading=\"lazy\" decoding=\"async\" width=\"1200\" height=\"803\" src=\"https:\/\/wgphoto.pl\/t\/wp-content\/uploads\/2024\/10\/IMGP9532.jpg\" alt=\"\" class=\"wp-image-1061\" srcset=\"https:\/\/wgphoto.pl\/t\/wp-content\/uploads\/2024\/10\/IMGP9532.jpg 1200w, https:\/\/wgphoto.pl\/t\/wp-content\/uploads\/2024\/10\/IMGP9532-300x201.jpg 300w, https:\/\/wgphoto.pl\/t\/wp-content\/uploads\/2024\/10\/IMGP9532-768x514.jpg 768w\" sizes=\"auto, (max-width: 1200px) 100vw, 1200px\" \/><\/figure>\n\n\n\n<div class=\"wp-block-group has-global-padding is-layout-constrained wp-block-group-is-layout-constrained\">\n<p>242 222-8 z poci\u0105giem osobowym do Chebu oczekuje pory odjazdu z tytu\u0142owej stacji, sk\u0105d odjedzie po przesiadce pasa\u017cer\u00f3w z autobus\u00f3w KKZ jad\u0105cej od strony Mari\u00e1nsk\u00fdch L\u00e1zn\u00ed, na dalszym odcinku trwa\u0142a bowiem przebudowa linii kolejowej. 09.09.2009<\/p>\n<\/div>\n","protected":false},"excerpt":{"rendered":"<p>242 222-8 z poci\u0105giem osobowym do Chebu oczekuje pory odjazdu z tytu\u0142owej stacji, sk\u0105d odjedzie po przesiadce pasa\u017cer\u00f3w z autobus\u00f3w KKZ jad\u0105cej od strony Mari\u00e1nsk\u00fdch L\u00e1zn\u00ed, na dalszym odcinku trwa\u0142a bowiem przebudowa linii kolejowej. 09.09.2009<\/p>\n","protected":false},"author":1,"featured_media":1061,"comment_status":"open","ping_status":"","sticky":false,"template":"","format":"standard","meta":{"footnotes":""},"categories":[2,169],"tags":[419,305,50,49,497,154,498,90],"class_list":["post-1060","post","type-post","status-publish","format-standard","has-post-thumbnail","hentry","category-kolej","category-rok-2009","tag-2009-09-09","tag-305","tag-cd","tag-czechy","tag-lazne-kynzvart","tag-noc","tag-tab-cz170","tag-wieczorem"],"_links":{"self":[{"href":"https:\/\/wgphoto.pl\/t\/index.php?rest_route=\/wp\/v2\/posts\/1060","targetHints":{"allow":["GET"]}}],"collection":[{"href":"https:\/\/wgphoto.pl\/t\/index.php?rest_route=\/wp\/v2\/posts"}],"about":[{"href":"https:\/\/wgphoto.pl\/t\/index.php?rest_route=\/wp\/v2\/types\/post"}],"author":[{"embeddable":true,"href":"https:\/\/wgphoto.pl\/t\/index.php?rest_route=\/wp\/v2\/users\/1"}],"replies":[{"embeddable":true,"href":"https:\/\/wgphoto.pl\/t\/index.php?rest_route=%2Fwp%2Fv2%2Fcomments&post=1060"}],"version-history":[{"count":1,"href":"https:\/\/wgphoto.pl\/t\/index.php?rest_route=\/wp\/v2\/posts\/1060\/revisions"}],"predecessor-version":[{"id":1062,"href":"https:\/\/wgphoto.pl\/t\/index.php?rest_route=\/wp\/v2\/posts\/1060\/revisions\/1062"}],"wp:featuredmedia":[{"embeddable":true,"href":"https:\/\/wgphoto.pl\/t\/index.php?rest_route=\/wp\/v2\/media\/1061"}],"wp:attachment":[{"href":"https:\/\/wgphoto.pl\/t\/index.php?rest_route=%2Fwp%2Fv2%2Fmedia&parent=1060"}],"wp:term":[{"taxonomy":"category","embeddable":true,"href":"https:\/\/wgphoto.pl\/t\/index.php?rest_route=%2Fwp%2Fv2%2Fcategories&post=1060"},{"taxonomy":"post_tag","embeddable":true,"href":"https:\/\/wgphoto.pl\/t\/index.php?rest_route=%2Fwp%2Fv2%2Ftags&post=1060"}],"curies":[{"name":"wp","href":"https:\/\/api.w.org\/{rel}","templated":true}]}}