{"id":10603,"date":"2025-01-25T19:05:51","date_gmt":"2025-01-25T18:05:51","guid":{"rendered":"https:\/\/wgphoto.pl\/t\/?p=10603"},"modified":"2025-01-25T19:05:51","modified_gmt":"2025-01-25T18:05:51","slug":"101-099-0","status":"publish","type":"post","link":"https:\/\/wgphoto.pl\/t\/?p=10603","title":{"rendered":"101 099-0"},"content":{"rendered":"\n<figure class=\"wp-block-image aligncenter size-full\"><img loading=\"lazy\" decoding=\"async\" width=\"1070\" height=\"700\" src=\"https:\/\/wgphoto.pl\/t\/wp-content\/uploads\/2025\/01\/0817-28.jpg\" alt=\"\" class=\"wp-image-10604\" srcset=\"https:\/\/wgphoto.pl\/t\/wp-content\/uploads\/2025\/01\/0817-28.jpg 1070w, https:\/\/wgphoto.pl\/t\/wp-content\/uploads\/2025\/01\/0817-28-300x196.jpg 300w, https:\/\/wgphoto.pl\/t\/wp-content\/uploads\/2025\/01\/0817-28-768x502.jpg 768w\" sizes=\"auto, (max-width: 1070px) 100vw, 1070px\" \/><\/figure>\n\n\n\n<div class=\"wp-block-group has-global-padding is-layout-constrained wp-block-group-is-layout-constrained\">\n<p>Dresden-Neustadt. Na b\u0119d\u0105cej akurat w przebudowie stacji zatrzyma\u0142 si\u0119 na chwil\u0119 IC 2071 z Hamburga-Altony, najpewniej do Dresden Hbf. Fart, \u017ce lokomotywa tak \u0142adnie wystawi\u0142a si\u0119 poza hal\u0119. 2008-09-28<\/p>\n<\/div>\n","protected":false},"excerpt":{"rendered":"<p>Dresden-Neustadt. Na b\u0119d\u0105cej akurat w przebudowie stacji zatrzyma\u0142 si\u0119 na chwil\u0119 IC 2071 z Hamburga-Altony, najpewniej do Dresden Hbf. Fart, \u017ce lokomotywa tak \u0142adnie wystawi\u0142a si\u0119 poza hal\u0119. 2008-09-28<\/p>\n","protected":false},"author":1,"featured_media":10604,"comment_status":"open","ping_status":"","sticky":false,"template":"","format":"standard","meta":{"footnotes":""},"categories":[62,2,120],"tags":[578,2063,745,206,3043,851,179,23,154],"class_list":["post-10603","post","type-post","status-publish","format-standard","has-post-thumbnail","hentry","category-analog","category-kolej","category-rok-2008","tag-578","tag-2008-09-28","tag-budowa","tag-db","tag-dresden-neustadt","tag-drezno","tag-hala-peronowa","tag-niemcy","tag-noc"],"_links":{"self":[{"href":"https:\/\/wgphoto.pl\/t\/index.php?rest_route=\/wp\/v2\/posts\/10603","targetHints":{"allow":["GET"]}}],"collection":[{"href":"https:\/\/wgphoto.pl\/t\/index.php?rest_route=\/wp\/v2\/posts"}],"about":[{"href":"https:\/\/wgphoto.pl\/t\/index.php?rest_route=\/wp\/v2\/types\/post"}],"author":[{"embeddable":true,"href":"https:\/\/wgphoto.pl\/t\/index.php?rest_route=\/wp\/v2\/users\/1"}],"replies":[{"embeddable":true,"href":"https:\/\/wgphoto.pl\/t\/index.php?rest_route=%2Fwp%2Fv2%2Fcomments&post=10603"}],"version-history":[{"count":1,"href":"https:\/\/wgphoto.pl\/t\/index.php?rest_route=\/wp\/v2\/posts\/10603\/revisions"}],"predecessor-version":[{"id":10605,"href":"https:\/\/wgphoto.pl\/t\/index.php?rest_route=\/wp\/v2\/posts\/10603\/revisions\/10605"}],"wp:featuredmedia":[{"embeddable":true,"href":"https:\/\/wgphoto.pl\/t\/index.php?rest_route=\/wp\/v2\/media\/10604"}],"wp:attachment":[{"href":"https:\/\/wgphoto.pl\/t\/index.php?rest_route=%2Fwp%2Fv2%2Fmedia&parent=10603"}],"wp:term":[{"taxonomy":"category","embeddable":true,"href":"https:\/\/wgphoto.pl\/t\/index.php?rest_route=%2Fwp%2Fv2%2Fcategories&post=10603"},{"taxonomy":"post_tag","embeddable":true,"href":"https:\/\/wgphoto.pl\/t\/index.php?rest_route=%2Fwp%2Fv2%2Ftags&post=10603"}],"curies":[{"name":"wp","href":"https:\/\/api.w.org\/{rel}","templated":true}]}}