{"id":10609,"date":"2025-01-25T19:08:55","date_gmt":"2025-01-25T18:08:55","guid":{"rendered":"https:\/\/wgphoto.pl\/t\/?p=10609"},"modified":"2025-01-25T19:08:55","modified_gmt":"2025-01-25T18:08:55","slug":"kanal-dziewiaty","status":"publish","type":"post","link":"https:\/\/wgphoto.pl\/t\/?p=10609","title":{"rendered":"Kana\u0142 dziewi\u0105ty"},"content":{"rendered":"\n<figure class=\"wp-block-image aligncenter size-full\"><img loading=\"lazy\" decoding=\"async\" width=\"1200\" height=\"800\" src=\"https:\/\/wgphoto.pl\/t\/wp-content\/uploads\/2025\/01\/IMGP2995.jpg\" alt=\"\" class=\"wp-image-10610\" srcset=\"https:\/\/wgphoto.pl\/t\/wp-content\/uploads\/2025\/01\/IMGP2995.jpg 1200w, https:\/\/wgphoto.pl\/t\/wp-content\/uploads\/2025\/01\/IMGP2995-300x200.jpg 300w, https:\/\/wgphoto.pl\/t\/wp-content\/uploads\/2025\/01\/IMGP2995-768x512.jpg 768w\" sizes=\"auto, (max-width: 1200px) 100vw, 1200px\" \/><\/figure>\n\n\n\n<div class=\"wp-block-group has-global-padding is-layout-constrained wp-block-group-is-layout-constrained\">\n<p>Chwila przerwy od zdj\u0119\u0107 z zagranicy.<br>Swojska stopi\u0105tka oczekuje wyjazdu w tras\u0119 z ca\u0142kiem atrakcyjnie prezentuj\u0105cego si\u0119 wn\u0119trza hali zajezdni przy ulicy \u015al\u0119\u017cnej we Wroc\u0142awiu. Tytu\u0142 zdj\u0119cia jest zwyczajowym okre\u015bleniem toru, z kt\u00f3rego \u00f3w wyjazd nast\u0105pi. 18.09.2015<\/p>\n<\/div>\n","protected":false},"excerpt":{"rendered":"<p>Chwila przerwy od zdj\u0119\u0107 z zagranicy.Swojska stopi\u0105tka oczekuje wyjazdu w tras\u0119 z ca\u0142kiem atrakcyjnie prezentuj\u0105cego si\u0119 wn\u0119trza hali zajezdni przy ulicy \u015al\u0119\u017cnej we Wroc\u0142awiu. Tytu\u0142 zdj\u0119cia jest zwyczajowym okre\u015bleniem toru, z kt\u00f3rego \u00f3w wyjazd nast\u0105pi. 18.09.2015<\/p>\n","protected":false},"author":1,"featured_media":10610,"comment_status":"open","ping_status":"","sticky":false,"template":"","format":"standard","meta":{"footnotes":""},"categories":[104,3],"tags":[155,3044,42,27,176,439,41,138],"class_list":["post-10609","post","type-post","status-publish","format-standard","has-post-thumbnail","hentry","category-rok-2015","category-tramwaj","tag-105na","tag-2015-09-18","tag-mpk-wroclaw","tag-polska","tag-rano","tag-we-fabryce","tag-wroclaw","tag-zajezdnia"],"_links":{"self":[{"href":"https:\/\/wgphoto.pl\/t\/index.php?rest_route=\/wp\/v2\/posts\/10609","targetHints":{"allow":["GET"]}}],"collection":[{"href":"https:\/\/wgphoto.pl\/t\/index.php?rest_route=\/wp\/v2\/posts"}],"about":[{"href":"https:\/\/wgphoto.pl\/t\/index.php?rest_route=\/wp\/v2\/types\/post"}],"author":[{"embeddable":true,"href":"https:\/\/wgphoto.pl\/t\/index.php?rest_route=\/wp\/v2\/users\/1"}],"replies":[{"embeddable":true,"href":"https:\/\/wgphoto.pl\/t\/index.php?rest_route=%2Fwp%2Fv2%2Fcomments&post=10609"}],"version-history":[{"count":1,"href":"https:\/\/wgphoto.pl\/t\/index.php?rest_route=\/wp\/v2\/posts\/10609\/revisions"}],"predecessor-version":[{"id":10611,"href":"https:\/\/wgphoto.pl\/t\/index.php?rest_route=\/wp\/v2\/posts\/10609\/revisions\/10611"}],"wp:featuredmedia":[{"embeddable":true,"href":"https:\/\/wgphoto.pl\/t\/index.php?rest_route=\/wp\/v2\/media\/10610"}],"wp:attachment":[{"href":"https:\/\/wgphoto.pl\/t\/index.php?rest_route=%2Fwp%2Fv2%2Fmedia&parent=10609"}],"wp:term":[{"taxonomy":"category","embeddable":true,"href":"https:\/\/wgphoto.pl\/t\/index.php?rest_route=%2Fwp%2Fv2%2Fcategories&post=10609"},{"taxonomy":"post_tag","embeddable":true,"href":"https:\/\/wgphoto.pl\/t\/index.php?rest_route=%2Fwp%2Fv2%2Ftags&post=10609"}],"curies":[{"name":"wp","href":"https:\/\/api.w.org\/{rel}","templated":true}]}}