{"id":10631,"date":"2025-01-25T22:35:32","date_gmt":"2025-01-25T21:35:32","guid":{"rendered":"https:\/\/wgphoto.pl\/t\/?p=10631"},"modified":"2025-01-25T22:35:32","modified_gmt":"2025-01-25T21:35:32","slug":"45-metrow","status":"publish","type":"post","link":"https:\/\/wgphoto.pl\/t\/?p=10631","title":{"rendered":"45 metr\u00f3w"},"content":{"rendered":"\n<figure class=\"wp-block-image aligncenter size-full\"><img loading=\"lazy\" decoding=\"async\" width=\"1050\" height=\"700\" src=\"https:\/\/wgphoto.pl\/t\/wp-content\/uploads\/2025\/01\/0817-12.jpg\" alt=\"\" class=\"wp-image-10632\" srcset=\"https:\/\/wgphoto.pl\/t\/wp-content\/uploads\/2025\/01\/0817-12.jpg 1050w, https:\/\/wgphoto.pl\/t\/wp-content\/uploads\/2025\/01\/0817-12-300x200.jpg 300w, https:\/\/wgphoto.pl\/t\/wp-content\/uploads\/2025\/01\/0817-12-768x512.jpg 768w\" sizes=\"auto, (max-width: 1050px) 100vw, 1050px\" \/><\/figure>\n\n\n\n<div class=\"wp-block-group has-global-padding is-layout-constrained wp-block-group-is-layout-constrained\">\n<p>45 metr\u00f3w tramwaju zatrzymuje si\u0119 na przystanku zlokalizowanym na strefie pieszej na Lindenauer Markt. Wsp\u00f3\u0142czesne lipskie malowanie jest udan\u0105 moim zdaniem adaptacj\u0105 wcze\u015bniejszych barw \u017c\u00f3\u0142to &#8211; niebieskich do nieco nowocze\u015bniejszej wersji, uzupe\u0142nionej o kolor srebrny. 2008-09-28<\/p>\n<\/div>\n","protected":false},"excerpt":{"rendered":"<p>45 metr\u00f3w tramwaju zatrzymuje si\u0119 na przystanku zlokalizowanym na strefie pieszej na Lindenauer Markt. Wsp\u00f3\u0142czesne lipskie malowanie jest udan\u0105 moim zdaniem adaptacj\u0105 wcze\u015bniejszych barw \u017c\u00f3\u0142to &#8211; niebieskich do nieco nowocze\u015bniejszej wersji, uzupe\u0142nionej o kolor srebrny. 2008-09-28<\/p>\n","protected":false},"author":1,"featured_media":10632,"comment_status":"open","ping_status":"","sticky":false,"template":"","format":"standard","meta":{"footnotes":""},"categories":[62,120,3],"tags":[2063,1126,1180,1179,23,143],"class_list":["post-10631","post","type-post","status-publish","format-standard","has-post-thumbnail","hentry","category-analog","category-rok-2008","category-tramwaj","tag-2008-09-28","tag-bombardier-flexity-classic","tag-lipsk","tag-lvb-leipzig","tag-niemcy","tag-ponad-30m"],"_links":{"self":[{"href":"https:\/\/wgphoto.pl\/t\/index.php?rest_route=\/wp\/v2\/posts\/10631","targetHints":{"allow":["GET"]}}],"collection":[{"href":"https:\/\/wgphoto.pl\/t\/index.php?rest_route=\/wp\/v2\/posts"}],"about":[{"href":"https:\/\/wgphoto.pl\/t\/index.php?rest_route=\/wp\/v2\/types\/post"}],"author":[{"embeddable":true,"href":"https:\/\/wgphoto.pl\/t\/index.php?rest_route=\/wp\/v2\/users\/1"}],"replies":[{"embeddable":true,"href":"https:\/\/wgphoto.pl\/t\/index.php?rest_route=%2Fwp%2Fv2%2Fcomments&post=10631"}],"version-history":[{"count":1,"href":"https:\/\/wgphoto.pl\/t\/index.php?rest_route=\/wp\/v2\/posts\/10631\/revisions"}],"predecessor-version":[{"id":10633,"href":"https:\/\/wgphoto.pl\/t\/index.php?rest_route=\/wp\/v2\/posts\/10631\/revisions\/10633"}],"wp:featuredmedia":[{"embeddable":true,"href":"https:\/\/wgphoto.pl\/t\/index.php?rest_route=\/wp\/v2\/media\/10632"}],"wp:attachment":[{"href":"https:\/\/wgphoto.pl\/t\/index.php?rest_route=%2Fwp%2Fv2%2Fmedia&parent=10631"}],"wp:term":[{"taxonomy":"category","embeddable":true,"href":"https:\/\/wgphoto.pl\/t\/index.php?rest_route=%2Fwp%2Fv2%2Fcategories&post=10631"},{"taxonomy":"post_tag","embeddable":true,"href":"https:\/\/wgphoto.pl\/t\/index.php?rest_route=%2Fwp%2Fv2%2Ftags&post=10631"}],"curies":[{"name":"wp","href":"https:\/\/api.w.org\/{rel}","templated":true}]}}