{"id":10637,"date":"2025-01-25T22:39:15","date_gmt":"2025-01-25T21:39:15","guid":{"rendered":"https:\/\/wgphoto.pl\/t\/?p=10637"},"modified":"2025-01-25T22:39:15","modified_gmt":"2025-01-25T21:39:15","slug":"poznym-popoludniem","status":"publish","type":"post","link":"https:\/\/wgphoto.pl\/t\/?p=10637","title":{"rendered":"P\u00f3\u017anym popo\u0142udniem"},"content":{"rendered":"\n<figure class=\"wp-block-image aligncenter size-full\"><img loading=\"lazy\" decoding=\"async\" width=\"1300\" height=\"867\" src=\"https:\/\/wgphoto.pl\/t\/wp-content\/uploads\/2025\/01\/0817-24.jpg\" alt=\"\" class=\"wp-image-10638\" srcset=\"https:\/\/wgphoto.pl\/t\/wp-content\/uploads\/2025\/01\/0817-24.jpg 1300w, https:\/\/wgphoto.pl\/t\/wp-content\/uploads\/2025\/01\/0817-24-300x200.jpg 300w, https:\/\/wgphoto.pl\/t\/wp-content\/uploads\/2025\/01\/0817-24-768x512.jpg 768w\" sizes=\"auto, (max-width: 1300px) 100vw, 1300px\" \/><\/figure>\n\n\n\n<div class=\"wp-block-group has-global-padding is-layout-constrained wp-block-group-is-layout-constrained\">\n<p>NGT12-LEI 1210 \u0142apie ostatnie promienie s\u0142o\u0144ca spomi\u0119dzy kamienic przy Peterssteinweg. Lipsk, 2008-09-28<\/p>\n<\/div>\n","protected":false},"excerpt":{"rendered":"<p>NGT12-LEI 1210 \u0142apie ostatnie promienie s\u0142o\u0144ca spomi\u0119dzy kamienic przy Peterssteinweg. Lipsk, 2008-09-28<\/p>\n","protected":false},"author":1,"featured_media":10638,"comment_status":"open","ping_status":"","sticky":false,"template":"","format":"standard","meta":{"footnotes":""},"categories":[62,120,3],"tags":[2063,34,1126,1180,1179,23,143,1767],"class_list":["post-10637","post","type-post","status-publish","format-standard","has-post-thumbnail","hentry","category-analog","category-rok-2008","category-tramwaj","tag-2008-09-28","tag-architektura","tag-bombardier-flexity-classic","tag-lipsk","tag-lvb-leipzig","tag-niemcy","tag-ponad-30m","tag-porownania"],"_links":{"self":[{"href":"https:\/\/wgphoto.pl\/t\/index.php?rest_route=\/wp\/v2\/posts\/10637","targetHints":{"allow":["GET"]}}],"collection":[{"href":"https:\/\/wgphoto.pl\/t\/index.php?rest_route=\/wp\/v2\/posts"}],"about":[{"href":"https:\/\/wgphoto.pl\/t\/index.php?rest_route=\/wp\/v2\/types\/post"}],"author":[{"embeddable":true,"href":"https:\/\/wgphoto.pl\/t\/index.php?rest_route=\/wp\/v2\/users\/1"}],"replies":[{"embeddable":true,"href":"https:\/\/wgphoto.pl\/t\/index.php?rest_route=%2Fwp%2Fv2%2Fcomments&post=10637"}],"version-history":[{"count":1,"href":"https:\/\/wgphoto.pl\/t\/index.php?rest_route=\/wp\/v2\/posts\/10637\/revisions"}],"predecessor-version":[{"id":10639,"href":"https:\/\/wgphoto.pl\/t\/index.php?rest_route=\/wp\/v2\/posts\/10637\/revisions\/10639"}],"wp:featuredmedia":[{"embeddable":true,"href":"https:\/\/wgphoto.pl\/t\/index.php?rest_route=\/wp\/v2\/media\/10638"}],"wp:attachment":[{"href":"https:\/\/wgphoto.pl\/t\/index.php?rest_route=%2Fwp%2Fv2%2Fmedia&parent=10637"}],"wp:term":[{"taxonomy":"category","embeddable":true,"href":"https:\/\/wgphoto.pl\/t\/index.php?rest_route=%2Fwp%2Fv2%2Fcategories&post=10637"},{"taxonomy":"post_tag","embeddable":true,"href":"https:\/\/wgphoto.pl\/t\/index.php?rest_route=%2Fwp%2Fv2%2Ftags&post=10637"}],"curies":[{"name":"wp","href":"https:\/\/api.w.org\/{rel}","templated":true}]}}