{"id":10652,"date":"2025-01-25T22:44:44","date_gmt":"2025-01-25T21:44:44","guid":{"rendered":"https:\/\/wgphoto.pl\/t\/?p=10652"},"modified":"2025-01-25T22:44:44","modified_gmt":"2025-01-25T21:44:44","slug":"wymarle-miasto","status":"publish","type":"post","link":"https:\/\/wgphoto.pl\/t\/?p=10652","title":{"rendered":"Wymar\u0142e miasto"},"content":{"rendered":"\n<figure class=\"wp-block-image aligncenter size-full\"><img loading=\"lazy\" decoding=\"async\" width=\"1050\" height=\"700\" src=\"https:\/\/wgphoto.pl\/t\/wp-content\/uploads\/2025\/01\/0817-21.jpg\" alt=\"\" class=\"wp-image-10653\" srcset=\"https:\/\/wgphoto.pl\/t\/wp-content\/uploads\/2025\/01\/0817-21.jpg 1050w, https:\/\/wgphoto.pl\/t\/wp-content\/uploads\/2025\/01\/0817-21-300x200.jpg 300w, https:\/\/wgphoto.pl\/t\/wp-content\/uploads\/2025\/01\/0817-21-768x512.jpg 768w\" sizes=\"auto, (max-width: 1050px) 100vw, 1050px\" \/><\/figure>\n\n\n\n<div class=\"wp-block-group has-global-padding is-layout-constrained wp-block-group-is-layout-constrained\">\n<p>Sk\u0142ad NGTW6 1303+1308 mija kolejne rz\u0119dy zaniedbanych kamienic, tym razem przy Wurzner Stra\u00dfe. Nie do\u015b\u0107 \u017ce nieporz\u0105dnie jak na Niemcy (cho\u0107 ja tam przyzwyczajony jestem &#8211; gorzej mam za oknem), to jeszcze przera\u017aliwie pusto tam by\u0142o. Po prostu wymar\u0142e miasto. W powi\u0105zaniu z tym faktem troch\u0119 karykaturalnie wygl\u0105da\u0142y te tramwaje kursuj\u0105ce w zestawach dwuwagonowych. Mo\u017ce w dni robocze taka pojemno\u015b\u0107 sk\u0142ad\u00f3w jest uzasadniona, a na niedziele nie chce im si\u0119 tego rozpina\u0107. 2008-09-28<\/p>\n<\/div>\n","protected":false},"excerpt":{"rendered":"<p>Sk\u0142ad NGTW6 1303+1308 mija kolejne rz\u0119dy zaniedbanych kamienic, tym razem przy Wurzner Stra\u00dfe. Nie do\u015b\u0107 \u017ce nieporz\u0105dnie jak na Niemcy (cho\u0107 ja tam przyzwyczajony jestem &#8211; gorzej mam za oknem), to jeszcze przera\u017aliwie pusto tam by\u0142o. Po prostu wymar\u0142e miasto. W powi\u0105zaniu z tym faktem troch\u0119 karykaturalnie wygl\u0105da\u0142y te tramwaje kursuj\u0105ce w zestawach dwuwagonowych. Mo\u017ce [&hellip;]<\/p>\n","protected":false},"author":1,"featured_media":10653,"comment_status":"open","ping_status":"","sticky":false,"template":"","format":"standard","meta":{"footnotes":""},"categories":[62,120,3],"tags":[2063,34,2791,1180,1179,23,143],"class_list":["post-10652","post","type-post","status-publish","format-standard","has-post-thumbnail","hentry","category-analog","category-rok-2008","category-tramwaj","tag-2008-09-28","tag-architektura","tag-leoliner","tag-lipsk","tag-lvb-leipzig","tag-niemcy","tag-ponad-30m"],"_links":{"self":[{"href":"https:\/\/wgphoto.pl\/t\/index.php?rest_route=\/wp\/v2\/posts\/10652","targetHints":{"allow":["GET"]}}],"collection":[{"href":"https:\/\/wgphoto.pl\/t\/index.php?rest_route=\/wp\/v2\/posts"}],"about":[{"href":"https:\/\/wgphoto.pl\/t\/index.php?rest_route=\/wp\/v2\/types\/post"}],"author":[{"embeddable":true,"href":"https:\/\/wgphoto.pl\/t\/index.php?rest_route=\/wp\/v2\/users\/1"}],"replies":[{"embeddable":true,"href":"https:\/\/wgphoto.pl\/t\/index.php?rest_route=%2Fwp%2Fv2%2Fcomments&post=10652"}],"version-history":[{"count":1,"href":"https:\/\/wgphoto.pl\/t\/index.php?rest_route=\/wp\/v2\/posts\/10652\/revisions"}],"predecessor-version":[{"id":10654,"href":"https:\/\/wgphoto.pl\/t\/index.php?rest_route=\/wp\/v2\/posts\/10652\/revisions\/10654"}],"wp:featuredmedia":[{"embeddable":true,"href":"https:\/\/wgphoto.pl\/t\/index.php?rest_route=\/wp\/v2\/media\/10653"}],"wp:attachment":[{"href":"https:\/\/wgphoto.pl\/t\/index.php?rest_route=%2Fwp%2Fv2%2Fmedia&parent=10652"}],"wp:term":[{"taxonomy":"category","embeddable":true,"href":"https:\/\/wgphoto.pl\/t\/index.php?rest_route=%2Fwp%2Fv2%2Fcategories&post=10652"},{"taxonomy":"post_tag","embeddable":true,"href":"https:\/\/wgphoto.pl\/t\/index.php?rest_route=%2Fwp%2Fv2%2Ftags&post=10652"}],"curies":[{"name":"wp","href":"https:\/\/api.w.org\/{rel}","templated":true}]}}