{"id":10655,"date":"2025-01-25T22:45:37","date_gmt":"2025-01-25T21:45:37","guid":{"rendered":"https:\/\/wgphoto.pl\/t\/?p=10655"},"modified":"2025-01-25T22:45:37","modified_gmt":"2025-01-25T21:45:37","slug":"t4d-m1-nb4-nr-2175938","status":"publish","type":"post","link":"https:\/\/wgphoto.pl\/t\/?p=10655","title":{"rendered":"T4D-M1 + NB4 nr 2175+938"},"content":{"rendered":"\n<figure class=\"wp-block-image aligncenter size-full\"><img loading=\"lazy\" decoding=\"async\" width=\"1070\" height=\"700\" src=\"https:\/\/wgphoto.pl\/t\/wp-content\/uploads\/2025\/01\/0817-19.jpg\" alt=\"\" class=\"wp-image-10656\" srcset=\"https:\/\/wgphoto.pl\/t\/wp-content\/uploads\/2025\/01\/0817-19.jpg 1070w, https:\/\/wgphoto.pl\/t\/wp-content\/uploads\/2025\/01\/0817-19-300x196.jpg 300w, https:\/\/wgphoto.pl\/t\/wp-content\/uploads\/2025\/01\/0817-19-768x502.jpg 768w\" sizes=\"auto, (max-width: 1070px) 100vw, 1070px\" \/><\/figure>\n\n\n\n<div class=\"wp-block-group has-global-padding is-layout-constrained wp-block-group-is-layout-constrained\">\n<p>Lipsk, Wurzner Stra\u00dfe. Opr\u00f3cz Leoliner\u00f3w, kolejn\u0105 ciekawostk\u0105 taborow\u0105 Lipska s\u0105 niskopod\u0142ogowe doczepy do Tatr, kt\u00f3rych pud\u0142a wykonano w pozna\u0144skiej fabryce Cegielskiego. Niestety dosy\u0107 p\u00f3\u017ano zorientowali\u015bmy si\u0119, \u017ce pomimo niedzieli w ruchu liniowym uczestniczy do\u015b\u0107 sporo czechos\u0142owackich wagon\u00f3w, st\u0105d tylko dwa zdj\u0119cia przedstawiaj\u0105ce ten typ taboru na trasie. 2008-09-28<\/p>\n<\/div>\n","protected":false},"excerpt":{"rendered":"<p>Lipsk, Wurzner Stra\u00dfe. Opr\u00f3cz Leoliner\u00f3w, kolejn\u0105 ciekawostk\u0105 taborow\u0105 Lipska s\u0105 niskopod\u0142ogowe doczepy do Tatr, kt\u00f3rych pud\u0142a wykonano w pozna\u0144skiej fabryce Cegielskiego. Niestety dosy\u0107 p\u00f3\u017ano zorientowali\u015bmy si\u0119, \u017ce pomimo niedzieli w ruchu liniowym uczestniczy do\u015b\u0107 sporo czechos\u0142owackich wagon\u00f3w, st\u0105d tylko dwa zdj\u0119cia przedstawiaj\u0105ce ten typ taboru na trasie. 2008-09-28<\/p>\n","protected":false},"author":1,"featured_media":10656,"comment_status":"open","ping_status":"","sticky":false,"template":"","format":"standard","meta":{"footnotes":""},"categories":[62,120,3],"tags":[2063,1180,1179,23,1112],"class_list":["post-10655","post","type-post","status-publish","format-standard","has-post-thumbnail","hentry","category-analog","category-rok-2008","category-tramwaj","tag-2008-09-28","tag-lipsk","tag-lvb-leipzig","tag-niemcy","tag-tatra-t4"],"_links":{"self":[{"href":"https:\/\/wgphoto.pl\/t\/index.php?rest_route=\/wp\/v2\/posts\/10655","targetHints":{"allow":["GET"]}}],"collection":[{"href":"https:\/\/wgphoto.pl\/t\/index.php?rest_route=\/wp\/v2\/posts"}],"about":[{"href":"https:\/\/wgphoto.pl\/t\/index.php?rest_route=\/wp\/v2\/types\/post"}],"author":[{"embeddable":true,"href":"https:\/\/wgphoto.pl\/t\/index.php?rest_route=\/wp\/v2\/users\/1"}],"replies":[{"embeddable":true,"href":"https:\/\/wgphoto.pl\/t\/index.php?rest_route=%2Fwp%2Fv2%2Fcomments&post=10655"}],"version-history":[{"count":1,"href":"https:\/\/wgphoto.pl\/t\/index.php?rest_route=\/wp\/v2\/posts\/10655\/revisions"}],"predecessor-version":[{"id":10657,"href":"https:\/\/wgphoto.pl\/t\/index.php?rest_route=\/wp\/v2\/posts\/10655\/revisions\/10657"}],"wp:featuredmedia":[{"embeddable":true,"href":"https:\/\/wgphoto.pl\/t\/index.php?rest_route=\/wp\/v2\/media\/10656"}],"wp:attachment":[{"href":"https:\/\/wgphoto.pl\/t\/index.php?rest_route=%2Fwp%2Fv2%2Fmedia&parent=10655"}],"wp:term":[{"taxonomy":"category","embeddable":true,"href":"https:\/\/wgphoto.pl\/t\/index.php?rest_route=%2Fwp%2Fv2%2Fcategories&post=10655"},{"taxonomy":"post_tag","embeddable":true,"href":"https:\/\/wgphoto.pl\/t\/index.php?rest_route=%2Fwp%2Fv2%2Ftags&post=10655"}],"curies":[{"name":"wp","href":"https:\/\/api.w.org\/{rel}","templated":true}]}}