{"id":10671,"date":"2025-01-25T22:52:38","date_gmt":"2025-01-25T21:52:38","guid":{"rendered":"https:\/\/wgphoto.pl\/t\/?p=10671"},"modified":"2025-01-25T22:52:38","modified_gmt":"2025-01-25T21:52:38","slug":"krotka-bajka-o-tramwajach-dwukierunkowych","status":"publish","type":"post","link":"https:\/\/wgphoto.pl\/t\/?p=10671","title":{"rendered":"Kr\u00f3tka bajka o tramwajach dwukierunkowych"},"content":{"rendered":"\n<figure class=\"wp-block-image aligncenter size-full\"><img loading=\"lazy\" decoding=\"async\" width=\"1200\" height=\"800\" src=\"https:\/\/wgphoto.pl\/t\/wp-content\/uploads\/2025\/01\/IMGP9389.jpg\" alt=\"\" class=\"wp-image-10672\" srcset=\"https:\/\/wgphoto.pl\/t\/wp-content\/uploads\/2025\/01\/IMGP9389.jpg 1200w, https:\/\/wgphoto.pl\/t\/wp-content\/uploads\/2025\/01\/IMGP9389-300x200.jpg 300w, https:\/\/wgphoto.pl\/t\/wp-content\/uploads\/2025\/01\/IMGP9389-768x512.jpg 768w\" sizes=\"auto, (max-width: 1200px) 100vw, 1200px\" \/><\/figure>\n\n\n\n<div class=\"wp-block-group has-global-padding is-layout-constrained wp-block-group-is-layout-constrained\">\n<p>Chemnitz, Stollberger Stra\u00dfe. Dwukierunkowy 6NGT LDZ 903 uchwycony mi\u0119dzy przystankami Scheffelstra\u00dfe i S\u00fcdring. Oto przemy\u015blana polityka: kupujemy pewien procent wagon\u00f3w dwukierunkowych, kt\u00f3re na co dzie\u0144 swej dwukierunkowo\u015bci nie wykorzystuj\u0105, a \u015brednio co dwa przystanki lokalizujemy przej\u015bcie mi\u0119dzytorowe, kt\u00f3re b\u0119dzie mo\u017cna \u0142atwo wykorzysta\u0107 w razie potrzeby. 2009-09-08<\/p>\n<\/div>\n","protected":false},"excerpt":{"rendered":"<p>Chemnitz, Stollberger Stra\u00dfe. Dwukierunkowy 6NGT LDZ 903 uchwycony mi\u0119dzy przystankami Scheffelstra\u00dfe i S\u00fcdring. Oto przemy\u015blana polityka: kupujemy pewien procent wagon\u00f3w dwukierunkowych, kt\u00f3re na co dzie\u0144 swej dwukierunkowo\u015bci nie wykorzystuj\u0105, a \u015brednio co dwa przystanki lokalizujemy przej\u015bcie mi\u0119dzytorowe, kt\u00f3re b\u0119dzie mo\u017cna \u0142atwo wykorzysta\u0107 w razie potrzeby. 2009-09-08<\/p>\n","protected":false},"author":1,"featured_media":10672,"comment_status":"open","ping_status":"","sticky":false,"template":"","format":"standard","meta":{"footnotes":""},"categories":[169,3],"tags":[731,732,730,23,118,726],"class_list":["post-10671","post","type-post","status-publish","format-standard","has-post-thumbnail","hentry","category-rok-2009","category-tramwaj","tag-2009-09-08","tag-chemnitz","tag-cvag-chemnitz","tag-niemcy","tag-plany-i-profile","tag-variobahn"],"_links":{"self":[{"href":"https:\/\/wgphoto.pl\/t\/index.php?rest_route=\/wp\/v2\/posts\/10671","targetHints":{"allow":["GET"]}}],"collection":[{"href":"https:\/\/wgphoto.pl\/t\/index.php?rest_route=\/wp\/v2\/posts"}],"about":[{"href":"https:\/\/wgphoto.pl\/t\/index.php?rest_route=\/wp\/v2\/types\/post"}],"author":[{"embeddable":true,"href":"https:\/\/wgphoto.pl\/t\/index.php?rest_route=\/wp\/v2\/users\/1"}],"replies":[{"embeddable":true,"href":"https:\/\/wgphoto.pl\/t\/index.php?rest_route=%2Fwp%2Fv2%2Fcomments&post=10671"}],"version-history":[{"count":1,"href":"https:\/\/wgphoto.pl\/t\/index.php?rest_route=\/wp\/v2\/posts\/10671\/revisions"}],"predecessor-version":[{"id":10673,"href":"https:\/\/wgphoto.pl\/t\/index.php?rest_route=\/wp\/v2\/posts\/10671\/revisions\/10673"}],"wp:featuredmedia":[{"embeddable":true,"href":"https:\/\/wgphoto.pl\/t\/index.php?rest_route=\/wp\/v2\/media\/10672"}],"wp:attachment":[{"href":"https:\/\/wgphoto.pl\/t\/index.php?rest_route=%2Fwp%2Fv2%2Fmedia&parent=10671"}],"wp:term":[{"taxonomy":"category","embeddable":true,"href":"https:\/\/wgphoto.pl\/t\/index.php?rest_route=%2Fwp%2Fv2%2Fcategories&post=10671"},{"taxonomy":"post_tag","embeddable":true,"href":"https:\/\/wgphoto.pl\/t\/index.php?rest_route=%2Fwp%2Fv2%2Ftags&post=10671"}],"curies":[{"name":"wp","href":"https:\/\/api.w.org\/{rel}","templated":true}]}}