{"id":10674,"date":"2025-01-25T22:53:35","date_gmt":"2025-01-25T21:53:35","guid":{"rendered":"https:\/\/wgphoto.pl\/t\/?p=10674"},"modified":"2025-01-25T22:53:35","modified_gmt":"2025-01-25T21:53:35","slug":"szerszy-niz-dluzszy","status":"publish","type":"post","link":"https:\/\/wgphoto.pl\/t\/?p=10674","title":{"rendered":"Szerszy ni\u017c d\u0142u\u017cszy"},"content":{"rendered":"\n<figure class=\"wp-block-image aligncenter size-full\"><img loading=\"lazy\" decoding=\"async\" width=\"1200\" height=\"800\" src=\"https:\/\/wgphoto.pl\/t\/wp-content\/uploads\/2025\/01\/IMGP9368.jpg\" alt=\"\" class=\"wp-image-10675\" srcset=\"https:\/\/wgphoto.pl\/t\/wp-content\/uploads\/2025\/01\/IMGP9368.jpg 1200w, https:\/\/wgphoto.pl\/t\/wp-content\/uploads\/2025\/01\/IMGP9368-300x200.jpg 300w, https:\/\/wgphoto.pl\/t\/wp-content\/uploads\/2025\/01\/IMGP9368-768x512.jpg 768w\" sizes=\"auto, (max-width: 1200px) 100vw, 1200px\" \/><\/figure>\n\n\n\n<div class=\"wp-block-group has-global-padding is-layout-constrained wp-block-group-is-layout-constrained\">\n<p>Chemnitz, Annaberger Stra\u00dfe. 6NGT LDE 608 w drodze na Hutholz. Wbrew do\u015b\u0107 pokracznemu wygl\u0105dowi, wagony te, dzi\u0119ki bardzo przestronnemu (to zas\u0142uga szeroko\u015bci 2,65 m), dobrze rozplanowanemu i w pe\u0142ni klimatyzowanemu wn\u0119trzu oraz zastosowaniu sprawdzonych i niezawodnych rozwi\u0105za\u0144, jak cho\u0107by drzwi wyk\u0142adane zamiast sprawiaj\u0105cych czasem problemy odskokowo-przesuwnych, mog\u0142yby imho by\u0107 wzorem funkcjonalno\u015bci. 2009-09-08<\/p>\n<\/div>\n","protected":false},"excerpt":{"rendered":"<p>Chemnitz, Annaberger Stra\u00dfe. 6NGT LDE 608 w drodze na Hutholz. Wbrew do\u015b\u0107 pokracznemu wygl\u0105dowi, wagony te, dzi\u0119ki bardzo przestronnemu (to zas\u0142uga szeroko\u015bci 2,65 m), dobrze rozplanowanemu i w pe\u0142ni klimatyzowanemu wn\u0119trzu oraz zastosowaniu sprawdzonych i niezawodnych rozwi\u0105za\u0144, jak cho\u0107by drzwi wyk\u0142adane zamiast sprawiaj\u0105cych czasem problemy odskokowo-przesuwnych, mog\u0142yby imho by\u0107 wzorem funkcjonalno\u015bci. 2009-09-08<\/p>\n","protected":false},"author":1,"featured_media":10675,"comment_status":"open","ping_status":"","sticky":false,"template":"","format":"standard","meta":{"footnotes":""},"categories":[169,3],"tags":[731,732,730,23,726],"class_list":["post-10674","post","type-post","status-publish","format-standard","has-post-thumbnail","hentry","category-rok-2009","category-tramwaj","tag-2009-09-08","tag-chemnitz","tag-cvag-chemnitz","tag-niemcy","tag-variobahn"],"_links":{"self":[{"href":"https:\/\/wgphoto.pl\/t\/index.php?rest_route=\/wp\/v2\/posts\/10674","targetHints":{"allow":["GET"]}}],"collection":[{"href":"https:\/\/wgphoto.pl\/t\/index.php?rest_route=\/wp\/v2\/posts"}],"about":[{"href":"https:\/\/wgphoto.pl\/t\/index.php?rest_route=\/wp\/v2\/types\/post"}],"author":[{"embeddable":true,"href":"https:\/\/wgphoto.pl\/t\/index.php?rest_route=\/wp\/v2\/users\/1"}],"replies":[{"embeddable":true,"href":"https:\/\/wgphoto.pl\/t\/index.php?rest_route=%2Fwp%2Fv2%2Fcomments&post=10674"}],"version-history":[{"count":1,"href":"https:\/\/wgphoto.pl\/t\/index.php?rest_route=\/wp\/v2\/posts\/10674\/revisions"}],"predecessor-version":[{"id":10676,"href":"https:\/\/wgphoto.pl\/t\/index.php?rest_route=\/wp\/v2\/posts\/10674\/revisions\/10676"}],"wp:featuredmedia":[{"embeddable":true,"href":"https:\/\/wgphoto.pl\/t\/index.php?rest_route=\/wp\/v2\/media\/10675"}],"wp:attachment":[{"href":"https:\/\/wgphoto.pl\/t\/index.php?rest_route=%2Fwp%2Fv2%2Fmedia&parent=10674"}],"wp:term":[{"taxonomy":"category","embeddable":true,"href":"https:\/\/wgphoto.pl\/t\/index.php?rest_route=%2Fwp%2Fv2%2Fcategories&post=10674"},{"taxonomy":"post_tag","embeddable":true,"href":"https:\/\/wgphoto.pl\/t\/index.php?rest_route=%2Fwp%2Fv2%2Ftags&post=10674"}],"curies":[{"name":"wp","href":"https:\/\/api.w.org\/{rel}","templated":true}]}}