{"id":10686,"date":"2025-01-25T22:57:37","date_gmt":"2025-01-25T21:57:37","guid":{"rendered":"https:\/\/wgphoto.pl\/t\/?p=10686"},"modified":"2025-01-25T22:57:37","modified_gmt":"2025-01-25T21:57:37","slug":"kolebka-variobahnow","status":"publish","type":"post","link":"https:\/\/wgphoto.pl\/t\/?p=10686","title":{"rendered":"Kolebka Variobahn\u00f3w"},"content":{"rendered":"\n<figure class=\"wp-block-image aligncenter size-full\"><img loading=\"lazy\" decoding=\"async\" width=\"1200\" height=\"800\" src=\"https:\/\/wgphoto.pl\/t\/wp-content\/uploads\/2025\/01\/IMGP9340.jpg\" alt=\"\" class=\"wp-image-10687\" srcset=\"https:\/\/wgphoto.pl\/t\/wp-content\/uploads\/2025\/01\/IMGP9340.jpg 1200w, https:\/\/wgphoto.pl\/t\/wp-content\/uploads\/2025\/01\/IMGP9340-300x200.jpg 300w, https:\/\/wgphoto.pl\/t\/wp-content\/uploads\/2025\/01\/IMGP9340-768x512.jpg 768w\" sizes=\"auto, (max-width: 1200px) 100vw, 1200px\" \/><\/figure>\n\n\n\n<div class=\"wp-block-group has-global-padding is-layout-constrained wp-block-group-is-layout-constrained\">\n<p>Chemnitz, Br\u00fcckenstra\u00dfe. Na przystanku Stra\u00dfe der Nationen mijaj\u0105 si\u0119 dwa Variobahny: jednokierunkowy 609 i dwukierunkowy 904. Miejski przewo\u017anik posiada 24 wagony z tej rodziny: 14 jedno- i 10 dwukierunkowych, natomiast podmiejski &#8211; sp\u00f3\u0142ka City-Bahn Chemnitz GmbH &#8211; dodatkowo 6 dwukierunkowych. Chemnitz jest pierwszym miastem, do kt\u00f3rego trafi\u0142y takie pojazdy. Prototyp (601) wyprodukowano w 1993 roku. 2009-09-08<\/p>\n<\/div>\n","protected":false},"excerpt":{"rendered":"<p>Chemnitz, Br\u00fcckenstra\u00dfe. Na przystanku Stra\u00dfe der Nationen mijaj\u0105 si\u0119 dwa Variobahny: jednokierunkowy 609 i dwukierunkowy 904. Miejski przewo\u017anik posiada 24 wagony z tej rodziny: 14 jedno- i 10 dwukierunkowych, natomiast podmiejski &#8211; sp\u00f3\u0142ka City-Bahn Chemnitz GmbH &#8211; dodatkowo 6 dwukierunkowych. Chemnitz jest pierwszym miastem, do kt\u00f3rego trafi\u0142y takie pojazdy. Prototyp (601) wyprodukowano w 1993 roku. [&hellip;]<\/p>\n","protected":false},"author":1,"featured_media":10687,"comment_status":"open","ping_status":"","sticky":false,"template":"","format":"standard","meta":{"footnotes":""},"categories":[169,3],"tags":[731,34,732,730,389,23,219,726],"class_list":["post-10686","post","type-post","status-publish","format-standard","has-post-thumbnail","hentry","category-rok-2009","category-tramwaj","tag-2009-09-08","tag-architektura","tag-chemnitz","tag-cvag-chemnitz","tag-mijanka","tag-niemcy","tag-przystanek","tag-variobahn"],"_links":{"self":[{"href":"https:\/\/wgphoto.pl\/t\/index.php?rest_route=\/wp\/v2\/posts\/10686","targetHints":{"allow":["GET"]}}],"collection":[{"href":"https:\/\/wgphoto.pl\/t\/index.php?rest_route=\/wp\/v2\/posts"}],"about":[{"href":"https:\/\/wgphoto.pl\/t\/index.php?rest_route=\/wp\/v2\/types\/post"}],"author":[{"embeddable":true,"href":"https:\/\/wgphoto.pl\/t\/index.php?rest_route=\/wp\/v2\/users\/1"}],"replies":[{"embeddable":true,"href":"https:\/\/wgphoto.pl\/t\/index.php?rest_route=%2Fwp%2Fv2%2Fcomments&post=10686"}],"version-history":[{"count":1,"href":"https:\/\/wgphoto.pl\/t\/index.php?rest_route=\/wp\/v2\/posts\/10686\/revisions"}],"predecessor-version":[{"id":10688,"href":"https:\/\/wgphoto.pl\/t\/index.php?rest_route=\/wp\/v2\/posts\/10686\/revisions\/10688"}],"wp:featuredmedia":[{"embeddable":true,"href":"https:\/\/wgphoto.pl\/t\/index.php?rest_route=\/wp\/v2\/media\/10687"}],"wp:attachment":[{"href":"https:\/\/wgphoto.pl\/t\/index.php?rest_route=%2Fwp%2Fv2%2Fmedia&parent=10686"}],"wp:term":[{"taxonomy":"category","embeddable":true,"href":"https:\/\/wgphoto.pl\/t\/index.php?rest_route=%2Fwp%2Fv2%2Fcategories&post=10686"},{"taxonomy":"post_tag","embeddable":true,"href":"https:\/\/wgphoto.pl\/t\/index.php?rest_route=%2Fwp%2Fv2%2Ftags&post=10686"}],"curies":[{"name":"wp","href":"https:\/\/api.w.org\/{rel}","templated":true}]}}