{"id":10692,"date":"2025-01-25T23:00:39","date_gmt":"2025-01-25T22:00:39","guid":{"rendered":"https:\/\/wgphoto.pl\/t\/?p=10692"},"modified":"2025-01-25T23:00:39","modified_gmt":"2025-01-25T22:00:39","slug":"centralny","status":"publish","type":"post","link":"https:\/\/wgphoto.pl\/t\/?p=10692","title":{"rendered":"Centralny"},"content":{"rendered":"\n<figure class=\"wp-block-image aligncenter size-full\"><img loading=\"lazy\" decoding=\"async\" width=\"1200\" height=\"800\" src=\"https:\/\/wgphoto.pl\/t\/wp-content\/uploads\/2025\/01\/IMGP9397-1-1.jpg\" alt=\"\" class=\"wp-image-10694\" srcset=\"https:\/\/wgphoto.pl\/t\/wp-content\/uploads\/2025\/01\/IMGP9397-1-1.jpg 1200w, https:\/\/wgphoto.pl\/t\/wp-content\/uploads\/2025\/01\/IMGP9397-1-1-300x200.jpg 300w, https:\/\/wgphoto.pl\/t\/wp-content\/uploads\/2025\/01\/IMGP9397-1-1-768x512.jpg 768w\" sizes=\"auto, (max-width: 1200px) 100vw, 1200px\" \/><\/figure>\n\n\n\n<div class=\"wp-block-group has-global-padding is-layout-constrained wp-block-group-is-layout-constrained\">\n<p>Zestaw T3D-M 515+516 zatrzymuje si\u0119 przy stanowisku C1 Zentralhaltestelle. Jak sama nazwa wskazuje, przystanek ten jest g\u0142\u00f3wnym w\u0119z\u0142em przesiadkowym, skupiaj\u0105cym wszystkie linie tramwajowe oraz te autobusowe, kt\u00f3re docieraj\u0105 do centrum miasta (czyli wszystkie z wyj\u0105tkiem dowoz\u00f3wek do tramwaju). W sk\u0142ad zespo\u0142u przystankowego wchodzi \u0142\u0105cznie 8 peron\u00f3w (z kt\u00f3rych ka\u017cdy posiada kilka stanowisk), standardowym zabiegiem jest po\u0142\u0105czenie takiego obiektu z galeri\u0105 handlow\u0105 (po lewej wzgl\u0119dem zdj\u0119cia). Jest to r\u00f3wnie\u017c przyk\u0142ad typowej dla kraj\u00f3w cywilizowanych komunikacyjnie oraz jedynej s\u0142usznej organizacji ruchu w obr\u0119bie tak skomplikowanego w\u0119z\u0142a przesiadkowego, w my\u015bl kt\u00f3rej: (a) istnieje separacja w\u0119z\u0142a od wszelkich autostrad, (b) nie istniej\u0105 sygnalizacje \u015bwietlne reguluj\u0105ce ruch pieszych wzgl\u0119dem pojazd\u00f3w komunikacji zbiorowej, bo te dwie kategorie uczestnik\u00f3w ruchu, je\u015bli nie s\u0105 pop\u0119dzane przez sygnalizator, krzywdy sobie nie zrobi\u0105! 2009-09-08<\/p>\n<\/div>\n","protected":false},"excerpt":{"rendered":"<p>Zestaw T3D-M 515+516 zatrzymuje si\u0119 przy stanowisku C1 Zentralhaltestelle. Jak sama nazwa wskazuje, przystanek ten jest g\u0142\u00f3wnym w\u0119z\u0142em przesiadkowym, skupiaj\u0105cym wszystkie linie tramwajowe oraz te autobusowe, kt\u00f3re docieraj\u0105 do centrum miasta (czyli wszystkie z wyj\u0105tkiem dowoz\u00f3wek do tramwaju). W sk\u0142ad zespo\u0142u przystankowego wchodzi \u0142\u0105cznie 8 peron\u00f3w (z kt\u00f3rych ka\u017cdy posiada kilka stanowisk), standardowym zabiegiem jest [&hellip;]<\/p>\n","protected":false},"author":1,"featured_media":10694,"comment_status":"open","ping_status":"","sticky":false,"template":"","format":"standard","meta":{"footnotes":""},"categories":[169,3],"tags":[731,732,730,230,23,1011],"class_list":["post-10692","post","type-post","status-publish","format-standard","has-post-thumbnail","hentry","category-rok-2009","category-tramwaj","tag-2009-09-08","tag-chemnitz","tag-cvag-chemnitz","tag-infrastruktura","tag-niemcy","tag-tatra-t3"],"_links":{"self":[{"href":"https:\/\/wgphoto.pl\/t\/index.php?rest_route=\/wp\/v2\/posts\/10692","targetHints":{"allow":["GET"]}}],"collection":[{"href":"https:\/\/wgphoto.pl\/t\/index.php?rest_route=\/wp\/v2\/posts"}],"about":[{"href":"https:\/\/wgphoto.pl\/t\/index.php?rest_route=\/wp\/v2\/types\/post"}],"author":[{"embeddable":true,"href":"https:\/\/wgphoto.pl\/t\/index.php?rest_route=\/wp\/v2\/users\/1"}],"replies":[{"embeddable":true,"href":"https:\/\/wgphoto.pl\/t\/index.php?rest_route=%2Fwp%2Fv2%2Fcomments&post=10692"}],"version-history":[{"count":1,"href":"https:\/\/wgphoto.pl\/t\/index.php?rest_route=\/wp\/v2\/posts\/10692\/revisions"}],"predecessor-version":[{"id":10695,"href":"https:\/\/wgphoto.pl\/t\/index.php?rest_route=\/wp\/v2\/posts\/10692\/revisions\/10695"}],"wp:featuredmedia":[{"embeddable":true,"href":"https:\/\/wgphoto.pl\/t\/index.php?rest_route=\/wp\/v2\/media\/10694"}],"wp:attachment":[{"href":"https:\/\/wgphoto.pl\/t\/index.php?rest_route=%2Fwp%2Fv2%2Fmedia&parent=10692"}],"wp:term":[{"taxonomy":"category","embeddable":true,"href":"https:\/\/wgphoto.pl\/t\/index.php?rest_route=%2Fwp%2Fv2%2Fcategories&post=10692"},{"taxonomy":"post_tag","embeddable":true,"href":"https:\/\/wgphoto.pl\/t\/index.php?rest_route=%2Fwp%2Fv2%2Ftags&post=10692"}],"curies":[{"name":"wp","href":"https:\/\/api.w.org\/{rel}","templated":true}]}}