{"id":10696,"date":"2025-01-25T23:01:41","date_gmt":"2025-01-25T22:01:41","guid":{"rendered":"https:\/\/wgphoto.pl\/t\/?p=10696"},"modified":"2025-01-25T23:55:59","modified_gmt":"2025-01-25T22:55:59","slug":"pseudomodernizacja","status":"publish","type":"post","link":"https:\/\/wgphoto.pl\/t\/?p=10696","title":{"rendered":"Pseudomodernizacja"},"content":{"rendered":"\n<figure class=\"wp-block-image aligncenter size-full\"><img loading=\"lazy\" decoding=\"async\" width=\"1400\" height=\"937\" src=\"https:\/\/wgphoto.pl\/t\/wp-content\/uploads\/2025\/01\/IMGP9362.jpg\" alt=\"\" class=\"wp-image-10710\" srcset=\"https:\/\/wgphoto.pl\/t\/wp-content\/uploads\/2025\/01\/IMGP9362.jpg 1400w, https:\/\/wgphoto.pl\/t\/wp-content\/uploads\/2025\/01\/IMGP9362-300x201.jpg 300w, https:\/\/wgphoto.pl\/t\/wp-content\/uploads\/2025\/01\/IMGP9362-768x514.jpg 768w\" sizes=\"auto, (max-width: 1400px) 100vw, 1400px\" \/><\/figure>\n\n\n\n<div class=\"wp-block-group has-global-padding is-layout-constrained wp-block-group-is-layout-constrained\">\n<p>Chemnitz, Annaberger Stra\u00dfe. Modernizacja tutejszych Tatr polega\u0142a przede wszystkim na znacz\u0105cej zmianie wygl\u0105du zewn\u0119trznego (w zamy\u015ble &#8211; zapewne na bardziej nowoczesny \ud83d\ude09 ), dodatkiem wydaje si\u0119 by\u0107 monta\u017c klimatyzacji. Te skrzynki na dachu to nic innego jak w\u0142a\u015bnie klimatyzatory, a nie \u017cadna elektronika, w wagonach pozostawiono bowiem rozruch oporowy, kt\u00f3ry bardzo \u0142adnie s\u0142ycha\u0107 dzi\u0119ki charakterystycznemu &#8222;cykaniu&#8221; stycznik\u00f3w liniowych, znanemu dobrze ze 105Na. Gdyby nie ta klimatyzacja &#8211; wypisz wymaluj sytuacja jak z rodzim\u0105 upraw\u0105 ziemniak\u00f3w typu 105NWr. 2009-09-08<\/p>\n<\/div>\n","protected":false},"excerpt":{"rendered":"<p>Chemnitz, Annaberger Stra\u00dfe. Modernizacja tutejszych Tatr polega\u0142a przede wszystkim na znacz\u0105cej zmianie wygl\u0105du zewn\u0119trznego (w zamy\u015ble &#8211; zapewne na bardziej nowoczesny \ud83d\ude09 ), dodatkiem wydaje si\u0119 by\u0107 monta\u017c klimatyzacji. Te skrzynki na dachu to nic innego jak w\u0142a\u015bnie klimatyzatory, a nie \u017cadna elektronika, w wagonach pozostawiono bowiem rozruch oporowy, kt\u00f3ry bardzo \u0142adnie s\u0142ycha\u0107 dzi\u0119ki charakterystycznemu [&hellip;]<\/p>\n","protected":false},"author":1,"featured_media":10710,"comment_status":"open","ping_status":"","sticky":false,"template":"","format":"standard","meta":{"footnotes":""},"categories":[169,3],"tags":[731,732,730,23,1011],"class_list":["post-10696","post","type-post","status-publish","format-standard","has-post-thumbnail","hentry","category-rok-2009","category-tramwaj","tag-2009-09-08","tag-chemnitz","tag-cvag-chemnitz","tag-niemcy","tag-tatra-t3"],"_links":{"self":[{"href":"https:\/\/wgphoto.pl\/t\/index.php?rest_route=\/wp\/v2\/posts\/10696","targetHints":{"allow":["GET"]}}],"collection":[{"href":"https:\/\/wgphoto.pl\/t\/index.php?rest_route=\/wp\/v2\/posts"}],"about":[{"href":"https:\/\/wgphoto.pl\/t\/index.php?rest_route=\/wp\/v2\/types\/post"}],"author":[{"embeddable":true,"href":"https:\/\/wgphoto.pl\/t\/index.php?rest_route=\/wp\/v2\/users\/1"}],"replies":[{"embeddable":true,"href":"https:\/\/wgphoto.pl\/t\/index.php?rest_route=%2Fwp%2Fv2%2Fcomments&post=10696"}],"version-history":[{"count":2,"href":"https:\/\/wgphoto.pl\/t\/index.php?rest_route=\/wp\/v2\/posts\/10696\/revisions"}],"predecessor-version":[{"id":10711,"href":"https:\/\/wgphoto.pl\/t\/index.php?rest_route=\/wp\/v2\/posts\/10696\/revisions\/10711"}],"wp:featuredmedia":[{"embeddable":true,"href":"https:\/\/wgphoto.pl\/t\/index.php?rest_route=\/wp\/v2\/media\/10710"}],"wp:attachment":[{"href":"https:\/\/wgphoto.pl\/t\/index.php?rest_route=%2Fwp%2Fv2%2Fmedia&parent=10696"}],"wp:term":[{"taxonomy":"category","embeddable":true,"href":"https:\/\/wgphoto.pl\/t\/index.php?rest_route=%2Fwp%2Fv2%2Fcategories&post=10696"},{"taxonomy":"post_tag","embeddable":true,"href":"https:\/\/wgphoto.pl\/t\/index.php?rest_route=%2Fwp%2Fv2%2Ftags&post=10696"}],"curies":[{"name":"wp","href":"https:\/\/api.w.org\/{rel}","templated":true}]}}