{"id":10699,"date":"2025-01-25T23:02:52","date_gmt":"2025-01-25T22:02:52","guid":{"rendered":"https:\/\/wgphoto.pl\/t\/?p=10699"},"modified":"2025-01-25T23:55:29","modified_gmt":"2025-01-25T22:55:29","slug":"st-petrikirche","status":"publish","type":"post","link":"https:\/\/wgphoto.pl\/t\/?p=10699","title":{"rendered":"St. Petrikirche"},"content":{"rendered":"\n<figure class=\"wp-block-image aligncenter size-full\"><img loading=\"lazy\" decoding=\"async\" width=\"700\" height=\"1046\" src=\"https:\/\/wgphoto.pl\/t\/wp-content\/uploads\/2025\/01\/IMGP9336.jpg\" alt=\"\" class=\"wp-image-10708\" srcset=\"https:\/\/wgphoto.pl\/t\/wp-content\/uploads\/2025\/01\/IMGP9336.jpg 700w, https:\/\/wgphoto.pl\/t\/wp-content\/uploads\/2025\/01\/IMGP9336-201x300.jpg 201w\" sizes=\"auto, (max-width: 700px) 100vw, 700px\" \/><\/figure>\n\n\n\n<div class=\"wp-block-group has-global-padding is-layout-constrained wp-block-group-is-layout-constrained\">\n<p>Chemnitz, Carolastra\u00dfe. Zestaw T3D-M 513+514 zbli\u017ca si\u0119 do ko\u0144c\u00f3wki przy dworcu g\u0142ownym. W tle widoczna jest przyjemna zabudowa centrum (m.in. wie\u017ca ko\u015bcio\u0142a pw. \u015aw. Piotra), nie zwiastuj\u0105ca katastrofy widokowej wok\u00f3\u0142 tras tutejszych tramwaj\u00f3w, kt\u00f3re &#8211; jak wspomina\u0142em &#8211; poza kilkoma kr\u00f3tkimi odcinkami sprawiaj\u0105 wra\u017cenie jazdy op\u0142otkami. 2009-09-08<\/p>\n<\/div>\n","protected":false},"excerpt":{"rendered":"<p>Chemnitz, Carolastra\u00dfe. Zestaw T3D-M 513+514 zbli\u017ca si\u0119 do ko\u0144c\u00f3wki przy dworcu g\u0142ownym. W tle widoczna jest przyjemna zabudowa centrum (m.in. wie\u017ca ko\u015bcio\u0142a pw. \u015aw. Piotra), nie zwiastuj\u0105ca katastrofy widokowej wok\u00f3\u0142 tras tutejszych tramwaj\u00f3w, kt\u00f3re &#8211; jak wspomina\u0142em &#8211; poza kilkoma kr\u00f3tkimi odcinkami sprawiaj\u0105 wra\u017cenie jazdy op\u0142otkami. 2009-09-08<\/p>\n","protected":false},"author":1,"featured_media":10708,"comment_status":"open","ping_status":"","sticky":false,"template":"","format":"standard","meta":{"footnotes":""},"categories":[128,169,3],"tags":[731,34,732,730,23,1011],"class_list":["post-10699","post","type-post","status-publish","format-standard","has-post-thumbnail","hentry","category-pionowe","category-rok-2009","category-tramwaj","tag-2009-09-08","tag-architektura","tag-chemnitz","tag-cvag-chemnitz","tag-niemcy","tag-tatra-t3"],"_links":{"self":[{"href":"https:\/\/wgphoto.pl\/t\/index.php?rest_route=\/wp\/v2\/posts\/10699","targetHints":{"allow":["GET"]}}],"collection":[{"href":"https:\/\/wgphoto.pl\/t\/index.php?rest_route=\/wp\/v2\/posts"}],"about":[{"href":"https:\/\/wgphoto.pl\/t\/index.php?rest_route=\/wp\/v2\/types\/post"}],"author":[{"embeddable":true,"href":"https:\/\/wgphoto.pl\/t\/index.php?rest_route=\/wp\/v2\/users\/1"}],"replies":[{"embeddable":true,"href":"https:\/\/wgphoto.pl\/t\/index.php?rest_route=%2Fwp%2Fv2%2Fcomments&post=10699"}],"version-history":[{"count":2,"href":"https:\/\/wgphoto.pl\/t\/index.php?rest_route=\/wp\/v2\/posts\/10699\/revisions"}],"predecessor-version":[{"id":10709,"href":"https:\/\/wgphoto.pl\/t\/index.php?rest_route=\/wp\/v2\/posts\/10699\/revisions\/10709"}],"wp:featuredmedia":[{"embeddable":true,"href":"https:\/\/wgphoto.pl\/t\/index.php?rest_route=\/wp\/v2\/media\/10708"}],"wp:attachment":[{"href":"https:\/\/wgphoto.pl\/t\/index.php?rest_route=%2Fwp%2Fv2%2Fmedia&parent=10699"}],"wp:term":[{"taxonomy":"category","embeddable":true,"href":"https:\/\/wgphoto.pl\/t\/index.php?rest_route=%2Fwp%2Fv2%2Fcategories&post=10699"},{"taxonomy":"post_tag","embeddable":true,"href":"https:\/\/wgphoto.pl\/t\/index.php?rest_route=%2Fwp%2Fv2%2Ftags&post=10699"}],"curies":[{"name":"wp","href":"https:\/\/api.w.org\/{rel}","templated":true}]}}