{"id":10705,"date":"2025-01-25T23:05:02","date_gmt":"2025-01-25T22:05:02","guid":{"rendered":"https:\/\/wgphoto.pl\/t\/?p=10705"},"modified":"2025-01-25T23:05:02","modified_gmt":"2025-01-25T22:05:02","slug":"zolty-i-czerwony","status":"publish","type":"post","link":"https:\/\/wgphoto.pl\/t\/?p=10705","title":{"rendered":"\u017b\u00f3\u0142ty i czerwony"},"content":{"rendered":"\n<figure class=\"wp-block-image aligncenter size-full\"><img loading=\"lazy\" decoding=\"async\" width=\"1200\" height=\"800\" src=\"https:\/\/wgphoto.pl\/t\/wp-content\/uploads\/2025\/01\/IMGP9331-1.jpg\" alt=\"\" class=\"wp-image-10706\" srcset=\"https:\/\/wgphoto.pl\/t\/wp-content\/uploads\/2025\/01\/IMGP9331-1.jpg 1200w, https:\/\/wgphoto.pl\/t\/wp-content\/uploads\/2025\/01\/IMGP9331-1-300x200.jpg 300w, https:\/\/wgphoto.pl\/t\/wp-content\/uploads\/2025\/01\/IMGP9331-1-768x512.jpg 768w\" sizes=\"auto, (max-width: 1200px) 100vw, 1200px\" \/><\/figure>\n\n\n\n<div class=\"wp-block-group has-global-padding is-layout-constrained wp-block-group-is-layout-constrained\">\n<p>Chemnitz, Bahnhofstra\u00dfe. Dwa interesuj\u0105ce wagony: robocza Tatra, pracuj\u0105ca obecnie jako szlifierka, oraz tramwaj podmiejski do Stollbergu, wykorzystuj\u0105cy na ko\u0144cowym odcinku swej trasy torowisko linii kolejowej. Niestety nie by\u0142em na tyle inteligentny, by zaliczy\u0107 t\u0119 niew\u0105tpliw\u0105 atrakcj\u0119, nie mam nawet \u017cadnego innego zdj\u0119cia czerwonego, podmiejskiego Variobahnu. Inna sprawa, \u017ce by\u0142em tam na tyle kr\u00f3tko, \u017ce wyjazd za miasto poskutkowa\u0142by znacznie mniejsz\u0105 liczb\u0105 zdj\u0119\u0107 z miasta. Zatem mo\u017ce nast\u0119pnym razem. 2009-09-08<\/p>\n<\/div>\n","protected":false},"excerpt":{"rendered":"<p>Chemnitz, Bahnhofstra\u00dfe. Dwa interesuj\u0105ce wagony: robocza Tatra, pracuj\u0105ca obecnie jako szlifierka, oraz tramwaj podmiejski do Stollbergu, wykorzystuj\u0105cy na ko\u0144cowym odcinku swej trasy torowisko linii kolejowej. Niestety nie by\u0142em na tyle inteligentny, by zaliczy\u0107 t\u0119 niew\u0105tpliw\u0105 atrakcj\u0119, nie mam nawet \u017cadnego innego zdj\u0119cia czerwonego, podmiejskiego Variobahnu. Inna sprawa, \u017ce by\u0142em tam na tyle kr\u00f3tko, \u017ce wyjazd [&hellip;]<\/p>\n","protected":false},"author":1,"featured_media":10706,"comment_status":"open","ping_status":"","sticky":false,"template":"","format":"standard","meta":{"footnotes":""},"categories":[169,3],"tags":[731,732,1586,730,23,1011,726],"class_list":["post-10705","post","type-post","status-publish","format-standard","has-post-thumbnail","hentry","category-rok-2009","category-tramwaj","tag-2009-09-08","tag-chemnitz","tag-city-bahn-chemnitz","tag-cvag-chemnitz","tag-niemcy","tag-tatra-t3","tag-variobahn"],"_links":{"self":[{"href":"https:\/\/wgphoto.pl\/t\/index.php?rest_route=\/wp\/v2\/posts\/10705","targetHints":{"allow":["GET"]}}],"collection":[{"href":"https:\/\/wgphoto.pl\/t\/index.php?rest_route=\/wp\/v2\/posts"}],"about":[{"href":"https:\/\/wgphoto.pl\/t\/index.php?rest_route=\/wp\/v2\/types\/post"}],"author":[{"embeddable":true,"href":"https:\/\/wgphoto.pl\/t\/index.php?rest_route=\/wp\/v2\/users\/1"}],"replies":[{"embeddable":true,"href":"https:\/\/wgphoto.pl\/t\/index.php?rest_route=%2Fwp%2Fv2%2Fcomments&post=10705"}],"version-history":[{"count":1,"href":"https:\/\/wgphoto.pl\/t\/index.php?rest_route=\/wp\/v2\/posts\/10705\/revisions"}],"predecessor-version":[{"id":10707,"href":"https:\/\/wgphoto.pl\/t\/index.php?rest_route=\/wp\/v2\/posts\/10705\/revisions\/10707"}],"wp:featuredmedia":[{"embeddable":true,"href":"https:\/\/wgphoto.pl\/t\/index.php?rest_route=\/wp\/v2\/media\/10706"}],"wp:attachment":[{"href":"https:\/\/wgphoto.pl\/t\/index.php?rest_route=%2Fwp%2Fv2%2Fmedia&parent=10705"}],"wp:term":[{"taxonomy":"category","embeddable":true,"href":"https:\/\/wgphoto.pl\/t\/index.php?rest_route=%2Fwp%2Fv2%2Fcategories&post=10705"},{"taxonomy":"post_tag","embeddable":true,"href":"https:\/\/wgphoto.pl\/t\/index.php?rest_route=%2Fwp%2Fv2%2Ftags&post=10705"}],"curies":[{"name":"wp","href":"https:\/\/api.w.org\/{rel}","templated":true}]}}