{"id":10720,"date":"2025-01-26T17:23:46","date_gmt":"2025-01-26T16:23:46","guid":{"rendered":"https:\/\/wgphoto.pl\/t\/?p=10720"},"modified":"2025-01-26T17:23:46","modified_gmt":"2025-01-26T16:23:46","slug":"chemnitz-hauptbahnhof","status":"publish","type":"post","link":"https:\/\/wgphoto.pl\/t\/?p=10720","title":{"rendered":"Chemnitz Hauptbahnhof"},"content":{"rendered":"\n<figure class=\"wp-block-image aligncenter size-full\"><img loading=\"lazy\" decoding=\"async\" width=\"1200\" height=\"800\" src=\"https:\/\/wgphoto.pl\/t\/wp-content\/uploads\/2025\/01\/IMGP9322.jpg\" alt=\"\" class=\"wp-image-10721\" srcset=\"https:\/\/wgphoto.pl\/t\/wp-content\/uploads\/2025\/01\/IMGP9322.jpg 1200w, https:\/\/wgphoto.pl\/t\/wp-content\/uploads\/2025\/01\/IMGP9322-300x200.jpg 300w, https:\/\/wgphoto.pl\/t\/wp-content\/uploads\/2025\/01\/IMGP9322-768x512.jpg 768w\" sizes=\"auto, (max-width: 1200px) 100vw, 1200px\" \/><\/figure>\n\n\n\n<div class=\"wp-block-group has-global-padding is-layout-constrained wp-block-group-is-layout-constrained\">\n<p>Regionalbahn do Riesy got\u00f3w do odjazdu spod miejscowej, niezbyt urodziwej hali peronowej o wsp\u00f3\u0142czesnej konstrukcji. Od 2013 roku pod t\u0119 hal\u0119 wje\u017cd\u017caj\u0105 tak\u017ce tramwaje, dla kt\u00f3rych zorganizowano tu osobny peron w obr\u0119bie p\u0119tli Hauptbahnhof. 2009-09-08<\/p>\n<\/div>\n","protected":false},"excerpt":{"rendered":"<p>Regionalbahn do Riesy got\u00f3w do odjazdu spod miejscowej, niezbyt urodziwej hali peronowej o wsp\u00f3\u0142czesnej konstrukcji. Od 2013 roku pod t\u0119 hal\u0119 wje\u017cd\u017caj\u0105 tak\u017ce tramwaje, dla kt\u00f3rych zorganizowano tu osobny peron w obr\u0119bie p\u0119tli Hauptbahnhof. 2009-09-08<\/p>\n","protected":false},"author":1,"featured_media":10721,"comment_status":"open","ping_status":"","sticky":false,"template":"","format":"standard","meta":{"footnotes":""},"categories":[2,169],"tags":[856,731,732,1584,206,179,23],"class_list":["post-10720","post","type-post","status-publish","format-standard","has-post-thumbnail","hentry","category-kolej","category-rok-2009","tag-856","tag-2009-09-08","tag-chemnitz","tag-chemnitz-hauptbahnhof","tag-db","tag-hala-peronowa","tag-niemcy"],"_links":{"self":[{"href":"https:\/\/wgphoto.pl\/t\/index.php?rest_route=\/wp\/v2\/posts\/10720","targetHints":{"allow":["GET"]}}],"collection":[{"href":"https:\/\/wgphoto.pl\/t\/index.php?rest_route=\/wp\/v2\/posts"}],"about":[{"href":"https:\/\/wgphoto.pl\/t\/index.php?rest_route=\/wp\/v2\/types\/post"}],"author":[{"embeddable":true,"href":"https:\/\/wgphoto.pl\/t\/index.php?rest_route=\/wp\/v2\/users\/1"}],"replies":[{"embeddable":true,"href":"https:\/\/wgphoto.pl\/t\/index.php?rest_route=%2Fwp%2Fv2%2Fcomments&post=10720"}],"version-history":[{"count":1,"href":"https:\/\/wgphoto.pl\/t\/index.php?rest_route=\/wp\/v2\/posts\/10720\/revisions"}],"predecessor-version":[{"id":10722,"href":"https:\/\/wgphoto.pl\/t\/index.php?rest_route=\/wp\/v2\/posts\/10720\/revisions\/10722"}],"wp:featuredmedia":[{"embeddable":true,"href":"https:\/\/wgphoto.pl\/t\/index.php?rest_route=\/wp\/v2\/media\/10721"}],"wp:attachment":[{"href":"https:\/\/wgphoto.pl\/t\/index.php?rest_route=%2Fwp%2Fv2%2Fmedia&parent=10720"}],"wp:term":[{"taxonomy":"category","embeddable":true,"href":"https:\/\/wgphoto.pl\/t\/index.php?rest_route=%2Fwp%2Fv2%2Fcategories&post=10720"},{"taxonomy":"post_tag","embeddable":true,"href":"https:\/\/wgphoto.pl\/t\/index.php?rest_route=%2Fwp%2Fv2%2Ftags&post=10720"}],"curies":[{"name":"wp","href":"https:\/\/api.w.org\/{rel}","templated":true}]}}