{"id":10723,"date":"2025-01-26T17:24:41","date_gmt":"2025-01-26T16:24:41","guid":{"rendered":"https:\/\/wgphoto.pl\/t\/?p=10723"},"modified":"2025-01-26T17:24:41","modified_gmt":"2025-01-26T16:24:41","slug":"krotkie-ramiona","status":"publish","type":"post","link":"https:\/\/wgphoto.pl\/t\/?p=10723","title":{"rendered":"Kr\u00f3tkie ramiona"},"content":{"rendered":"\n<figure class=\"wp-block-image aligncenter size-full\"><img loading=\"lazy\" decoding=\"async\" width=\"1200\" height=\"800\" src=\"https:\/\/wgphoto.pl\/t\/wp-content\/uploads\/2025\/01\/IMGP9324.jpg\" alt=\"\" class=\"wp-image-10724\" srcset=\"https:\/\/wgphoto.pl\/t\/wp-content\/uploads\/2025\/01\/IMGP9324.jpg 1200w, https:\/\/wgphoto.pl\/t\/wp-content\/uploads\/2025\/01\/IMGP9324-300x200.jpg 300w, https:\/\/wgphoto.pl\/t\/wp-content\/uploads\/2025\/01\/IMGP9324-768x512.jpg 768w\" sizes=\"auto, (max-width: 1200px) 100vw, 1200px\" \/><\/figure>\n\n\n\n<div class=\"wp-block-group has-global-padding is-layout-constrained wp-block-group-is-layout-constrained\">\n<p>Chemnitz Hbf. Poci\u0105g z poprzedniego zdj\u0119cia wyrusza w tras\u0119 mijaj\u0105c interesuj\u0105ce semafory o nieco kr\u00f3tszych ni\u017c zwykle ramionach. 2009-09-08<\/p>\n<\/div>\n","protected":false},"excerpt":{"rendered":"<p>Chemnitz Hbf. Poci\u0105g z poprzedniego zdj\u0119cia wyrusza w tras\u0119 mijaj\u0105c interesuj\u0105ce semafory o nieco kr\u00f3tszych ni\u017c zwykle ramionach. 2009-09-08<\/p>\n","protected":false},"author":1,"featured_media":10724,"comment_status":"open","ping_status":"","sticky":false,"template":"","format":"standard","meta":{"footnotes":""},"categories":[2,169],"tags":[731,732,1584,206,173,23,53,1869],"class_list":["post-10723","post","type-post","status-publish","format-standard","has-post-thumbnail","hentry","category-kolej","category-rok-2009","tag-2009-09-08","tag-chemnitz","tag-chemnitz-hauptbahnhof","tag-db","tag-koncowki","tag-niemcy","tag-sygnalizacja-ksztaltowa","tag-wagon-sterowniczy"],"_links":{"self":[{"href":"https:\/\/wgphoto.pl\/t\/index.php?rest_route=\/wp\/v2\/posts\/10723","targetHints":{"allow":["GET"]}}],"collection":[{"href":"https:\/\/wgphoto.pl\/t\/index.php?rest_route=\/wp\/v2\/posts"}],"about":[{"href":"https:\/\/wgphoto.pl\/t\/index.php?rest_route=\/wp\/v2\/types\/post"}],"author":[{"embeddable":true,"href":"https:\/\/wgphoto.pl\/t\/index.php?rest_route=\/wp\/v2\/users\/1"}],"replies":[{"embeddable":true,"href":"https:\/\/wgphoto.pl\/t\/index.php?rest_route=%2Fwp%2Fv2%2Fcomments&post=10723"}],"version-history":[{"count":1,"href":"https:\/\/wgphoto.pl\/t\/index.php?rest_route=\/wp\/v2\/posts\/10723\/revisions"}],"predecessor-version":[{"id":10725,"href":"https:\/\/wgphoto.pl\/t\/index.php?rest_route=\/wp\/v2\/posts\/10723\/revisions\/10725"}],"wp:featuredmedia":[{"embeddable":true,"href":"https:\/\/wgphoto.pl\/t\/index.php?rest_route=\/wp\/v2\/media\/10724"}],"wp:attachment":[{"href":"https:\/\/wgphoto.pl\/t\/index.php?rest_route=%2Fwp%2Fv2%2Fmedia&parent=10723"}],"wp:term":[{"taxonomy":"category","embeddable":true,"href":"https:\/\/wgphoto.pl\/t\/index.php?rest_route=%2Fwp%2Fv2%2Fcategories&post=10723"},{"taxonomy":"post_tag","embeddable":true,"href":"https:\/\/wgphoto.pl\/t\/index.php?rest_route=%2Fwp%2Fv2%2Ftags&post=10723"}],"curies":[{"name":"wp","href":"https:\/\/api.w.org\/{rel}","templated":true}]}}