{"id":10726,"date":"2025-01-26T17:25:43","date_gmt":"2025-01-26T16:25:43","guid":{"rendered":"https:\/\/wgphoto.pl\/t\/?p=10726"},"modified":"2025-01-26T17:25:43","modified_gmt":"2025-01-26T16:25:43","slug":"podlogowe-piktogramy","status":"publish","type":"post","link":"https:\/\/wgphoto.pl\/t\/?p=10726","title":{"rendered":"Pod\u0142ogowe piktogramy"},"content":{"rendered":"\n<figure class=\"wp-block-image aligncenter size-full\"><img loading=\"lazy\" decoding=\"async\" width=\"600\" height=\"900\" src=\"https:\/\/wgphoto.pl\/t\/wp-content\/uploads\/2025\/01\/IMGP1922.jpg\" alt=\"\" class=\"wp-image-10727\" srcset=\"https:\/\/wgphoto.pl\/t\/wp-content\/uploads\/2025\/01\/IMGP1922.jpg 600w, https:\/\/wgphoto.pl\/t\/wp-content\/uploads\/2025\/01\/IMGP1922-200x300.jpg 200w\" sizes=\"auto, (max-width: 600px) 100vw, 600px\" \/><\/figure>\n\n\n\n<div class=\"wp-block-group has-global-padding is-layout-constrained wp-block-group-is-layout-constrained\">\n<p>Cz\u0142on wisz\u0105cy mie\u015bci bardzo ma\u0142o siedze\u0144 &#8211; zupe\u0142nie jakby bardziej wed\u0142ug polskich standard\u00f3w ni\u017c austriackich. 2013-12-27<\/p>\n<\/div>\n","protected":false},"excerpt":{"rendered":"<p>Cz\u0142on wisz\u0105cy mie\u015bci bardzo ma\u0142o siedze\u0144 &#8211; zupe\u0142nie jakby bardziej wed\u0142ug polskich standard\u00f3w ni\u017c austriackich. 2013-12-27<\/p>\n","protected":false},"author":1,"featured_media":10727,"comment_status":"open","ping_status":"","sticky":false,"template":"","format":"standard","meta":{"footnotes":""},"categories":[220,128,55,3],"tags":[275,9,273,274,726,454],"class_list":["post-10726","post","type-post","status-publish","format-standard","has-post-thumbnail","hentry","category-blo","category-pionowe","category-rok-2013","category-tramwaj","tag-2013-12-27","tag-austria","tag-graz","tag-holding-graz-linien","tag-variobahn","tag-wnetrza-pojazdow"],"_links":{"self":[{"href":"https:\/\/wgphoto.pl\/t\/index.php?rest_route=\/wp\/v2\/posts\/10726","targetHints":{"allow":["GET"]}}],"collection":[{"href":"https:\/\/wgphoto.pl\/t\/index.php?rest_route=\/wp\/v2\/posts"}],"about":[{"href":"https:\/\/wgphoto.pl\/t\/index.php?rest_route=\/wp\/v2\/types\/post"}],"author":[{"embeddable":true,"href":"https:\/\/wgphoto.pl\/t\/index.php?rest_route=\/wp\/v2\/users\/1"}],"replies":[{"embeddable":true,"href":"https:\/\/wgphoto.pl\/t\/index.php?rest_route=%2Fwp%2Fv2%2Fcomments&post=10726"}],"version-history":[{"count":1,"href":"https:\/\/wgphoto.pl\/t\/index.php?rest_route=\/wp\/v2\/posts\/10726\/revisions"}],"predecessor-version":[{"id":10728,"href":"https:\/\/wgphoto.pl\/t\/index.php?rest_route=\/wp\/v2\/posts\/10726\/revisions\/10728"}],"wp:featuredmedia":[{"embeddable":true,"href":"https:\/\/wgphoto.pl\/t\/index.php?rest_route=\/wp\/v2\/media\/10727"}],"wp:attachment":[{"href":"https:\/\/wgphoto.pl\/t\/index.php?rest_route=%2Fwp%2Fv2%2Fmedia&parent=10726"}],"wp:term":[{"taxonomy":"category","embeddable":true,"href":"https:\/\/wgphoto.pl\/t\/index.php?rest_route=%2Fwp%2Fv2%2Fcategories&post=10726"},{"taxonomy":"post_tag","embeddable":true,"href":"https:\/\/wgphoto.pl\/t\/index.php?rest_route=%2Fwp%2Fv2%2Ftags&post=10726"}],"curies":[{"name":"wp","href":"https:\/\/api.w.org\/{rel}","templated":true}]}}