{"id":10733,"date":"2025-01-26T17:29:09","date_gmt":"2025-01-26T16:29:09","guid":{"rendered":"https:\/\/wgphoto.pl\/t\/?p=10733"},"modified":"2025-01-26T17:29:09","modified_gmt":"2025-01-26T16:29:09","slug":"2300-mm","status":"publish","type":"post","link":"https:\/\/wgphoto.pl\/t\/?p=10733","title":{"rendered":"2300 mm"},"content":{"rendered":"\n<figure class=\"wp-block-image aligncenter size-full\"><img loading=\"lazy\" decoding=\"async\" width=\"1200\" height=\"800\" src=\"https:\/\/wgphoto.pl\/t\/wp-content\/uploads\/2025\/01\/IMGP1691.jpg\" alt=\"\" class=\"wp-image-10734\" srcset=\"https:\/\/wgphoto.pl\/t\/wp-content\/uploads\/2025\/01\/IMGP1691.jpg 1200w, https:\/\/wgphoto.pl\/t\/wp-content\/uploads\/2025\/01\/IMGP1691-300x200.jpg 300w, https:\/\/wgphoto.pl\/t\/wp-content\/uploads\/2025\/01\/IMGP1691-768x512.jpg 768w\" sizes=\"auto, (max-width: 1200px) 100vw, 1200px\" \/><\/figure>\n\n\n\n<div class=\"wp-block-group has-global-padding is-layout-constrained wp-block-group-is-layout-constrained\">\n<p>Graz, Glacisstra\u00dfe. Kilka dni temu zaistnia\u0142a tutaj seria zdj\u0119\u0107 Variobahn\u00f3w o szeroko\u015bci 2,65 m. Dzisiaj zatem dla odmiany tramwaj z tej samej rodziny, lecz o szeroko\u015bci 2,3 m, ze skosami na ko\u0144cach pud\u0142a oraz o wsp\u00f3\u0142czesnym designie. 2013-12-27<\/p>\n<\/div>\n","protected":false},"excerpt":{"rendered":"<p>Graz, Glacisstra\u00dfe. Kilka dni temu zaistnia\u0142a tutaj seria zdj\u0119\u0107 Variobahn\u00f3w o szeroko\u015bci 2,65 m. Dzisiaj zatem dla odmiany tramwaj z tej samej rodziny, lecz o szeroko\u015bci 2,3 m, ze skosami na ko\u0144cach pud\u0142a oraz o wsp\u00f3\u0142czesnym designie. 2013-12-27<\/p>\n","protected":false},"author":1,"featured_media":10734,"comment_status":"open","ping_status":"","sticky":false,"template":"","format":"standard","meta":{"footnotes":""},"categories":[55,3],"tags":[275,9,273,274,726],"class_list":["post-10733","post","type-post","status-publish","format-standard","has-post-thumbnail","hentry","category-rok-2013","category-tramwaj","tag-2013-12-27","tag-austria","tag-graz","tag-holding-graz-linien","tag-variobahn"],"_links":{"self":[{"href":"https:\/\/wgphoto.pl\/t\/index.php?rest_route=\/wp\/v2\/posts\/10733","targetHints":{"allow":["GET"]}}],"collection":[{"href":"https:\/\/wgphoto.pl\/t\/index.php?rest_route=\/wp\/v2\/posts"}],"about":[{"href":"https:\/\/wgphoto.pl\/t\/index.php?rest_route=\/wp\/v2\/types\/post"}],"author":[{"embeddable":true,"href":"https:\/\/wgphoto.pl\/t\/index.php?rest_route=\/wp\/v2\/users\/1"}],"replies":[{"embeddable":true,"href":"https:\/\/wgphoto.pl\/t\/index.php?rest_route=%2Fwp%2Fv2%2Fcomments&post=10733"}],"version-history":[{"count":1,"href":"https:\/\/wgphoto.pl\/t\/index.php?rest_route=\/wp\/v2\/posts\/10733\/revisions"}],"predecessor-version":[{"id":10735,"href":"https:\/\/wgphoto.pl\/t\/index.php?rest_route=\/wp\/v2\/posts\/10733\/revisions\/10735"}],"wp:featuredmedia":[{"embeddable":true,"href":"https:\/\/wgphoto.pl\/t\/index.php?rest_route=\/wp\/v2\/media\/10734"}],"wp:attachment":[{"href":"https:\/\/wgphoto.pl\/t\/index.php?rest_route=%2Fwp%2Fv2%2Fmedia&parent=10733"}],"wp:term":[{"taxonomy":"category","embeddable":true,"href":"https:\/\/wgphoto.pl\/t\/index.php?rest_route=%2Fwp%2Fv2%2Fcategories&post=10733"},{"taxonomy":"post_tag","embeddable":true,"href":"https:\/\/wgphoto.pl\/t\/index.php?rest_route=%2Fwp%2Fv2%2Ftags&post=10733"}],"curies":[{"name":"wp","href":"https:\/\/api.w.org\/{rel}","templated":true}]}}