{"id":10736,"date":"2025-01-26T17:30:50","date_gmt":"2025-01-26T16:30:50","guid":{"rendered":"https:\/\/wgphoto.pl\/t\/?p=10736"},"modified":"2025-01-26T17:30:50","modified_gmt":"2025-01-26T16:30:50","slug":"stadler-variobahn-nr-217","status":"publish","type":"post","link":"https:\/\/wgphoto.pl\/t\/?p=10736","title":{"rendered":"Stadler Variobahn nr 217"},"content":{"rendered":"\n<figure class=\"wp-block-image aligncenter size-full\"><img loading=\"lazy\" decoding=\"async\" width=\"1300\" height=\"861\" src=\"https:\/\/wgphoto.pl\/t\/wp-content\/uploads\/2025\/01\/IMGP1737.jpg\" alt=\"\" class=\"wp-image-10737\" srcset=\"https:\/\/wgphoto.pl\/t\/wp-content\/uploads\/2025\/01\/IMGP1737.jpg 1300w, https:\/\/wgphoto.pl\/t\/wp-content\/uploads\/2025\/01\/IMGP1737-300x199.jpg 300w, https:\/\/wgphoto.pl\/t\/wp-content\/uploads\/2025\/01\/IMGP1737-768x509.jpg 768w\" sizes=\"auto, (max-width: 1300px) 100vw, 1300px\" \/><\/figure>\n\n\n\n<div class=\"wp-block-group has-global-padding is-layout-constrained wp-block-group-is-layout-constrained\">\n<p>Graz, Burenstra\u00dfe, tu\u017c przed p\u0119tl\u0105 Wetzelsdorf. Zasadniczo tramwaje w Grazu s\u0105 bia\u0142o-zielone, ale i tu dotar\u0142a moda na szary metallic. 2013-12-27<\/p>\n<\/div>\n","protected":false},"excerpt":{"rendered":"<p>Graz, Burenstra\u00dfe, tu\u017c przed p\u0119tl\u0105 Wetzelsdorf. Zasadniczo tramwaje w Grazu s\u0105 bia\u0142o-zielone, ale i tu dotar\u0142a moda na szary metallic. 2013-12-27<\/p>\n","protected":false},"author":1,"featured_media":10737,"comment_status":"open","ping_status":"","sticky":false,"template":"","format":"standard","meta":{"footnotes":""},"categories":[55,3],"tags":[275,9,114,273,274,726],"class_list":["post-10736","post","type-post","status-publish","format-standard","has-post-thumbnail","hentry","category-rok-2013","category-tramwaj","tag-2013-12-27","tag-austria","tag-gory","tag-graz","tag-holding-graz-linien","tag-variobahn"],"_links":{"self":[{"href":"https:\/\/wgphoto.pl\/t\/index.php?rest_route=\/wp\/v2\/posts\/10736","targetHints":{"allow":["GET"]}}],"collection":[{"href":"https:\/\/wgphoto.pl\/t\/index.php?rest_route=\/wp\/v2\/posts"}],"about":[{"href":"https:\/\/wgphoto.pl\/t\/index.php?rest_route=\/wp\/v2\/types\/post"}],"author":[{"embeddable":true,"href":"https:\/\/wgphoto.pl\/t\/index.php?rest_route=\/wp\/v2\/users\/1"}],"replies":[{"embeddable":true,"href":"https:\/\/wgphoto.pl\/t\/index.php?rest_route=%2Fwp%2Fv2%2Fcomments&post=10736"}],"version-history":[{"count":1,"href":"https:\/\/wgphoto.pl\/t\/index.php?rest_route=\/wp\/v2\/posts\/10736\/revisions"}],"predecessor-version":[{"id":10738,"href":"https:\/\/wgphoto.pl\/t\/index.php?rest_route=\/wp\/v2\/posts\/10736\/revisions\/10738"}],"wp:featuredmedia":[{"embeddable":true,"href":"https:\/\/wgphoto.pl\/t\/index.php?rest_route=\/wp\/v2\/media\/10737"}],"wp:attachment":[{"href":"https:\/\/wgphoto.pl\/t\/index.php?rest_route=%2Fwp%2Fv2%2Fmedia&parent=10736"}],"wp:term":[{"taxonomy":"category","embeddable":true,"href":"https:\/\/wgphoto.pl\/t\/index.php?rest_route=%2Fwp%2Fv2%2Fcategories&post=10736"},{"taxonomy":"post_tag","embeddable":true,"href":"https:\/\/wgphoto.pl\/t\/index.php?rest_route=%2Fwp%2Fv2%2Ftags&post=10736"}],"curies":[{"name":"wp","href":"https:\/\/api.w.org\/{rel}","templated":true}]}}