{"id":10742,"date":"2025-01-26T17:33:11","date_gmt":"2025-01-26T16:33:11","guid":{"rendered":"https:\/\/wgphoto.pl\/t\/?p=10742"},"modified":"2025-01-26T18:45:50","modified_gmt":"2025-01-26T17:45:50","slug":"kt4d-149249","status":"publish","type":"post","link":"https:\/\/wgphoto.pl\/t\/?p=10742","title":{"rendered":"KT4D 149+249"},"content":{"rendered":"\n<figure class=\"wp-block-image aligncenter size-full\"><img loading=\"lazy\" decoding=\"async\" width=\"1400\" height=\"937\" src=\"https:\/\/wgphoto.pl\/t\/wp-content\/uploads\/2025\/01\/IMGP3293.jpg\" alt=\"\" class=\"wp-image-10762\" srcset=\"https:\/\/wgphoto.pl\/t\/wp-content\/uploads\/2025\/01\/IMGP3293.jpg 1400w, https:\/\/wgphoto.pl\/t\/wp-content\/uploads\/2025\/01\/IMGP3293-300x201.jpg 300w, https:\/\/wgphoto.pl\/t\/wp-content\/uploads\/2025\/01\/IMGP3293-768x514.jpg 768w\" sizes=\"auto, (max-width: 1400px) 100vw, 1400px\" \/><\/figure>\n\n\n\n<div class=\"wp-block-group has-global-padding is-layout-constrained wp-block-group-is-layout-constrained\">\n<p>Poczdam, Friedrich-Ebert-Stra\u00dfe. Sk\u0142ad kat\u00f3wek pojawi\u0142 si\u0119 na mie\u015bcie nawet przy \u015bwi\u0119cie. 01.05.2013<\/p>\n<\/div>\n","protected":false},"excerpt":{"rendered":"<p>Poczdam, Friedrich-Ebert-Stra\u00dfe. Sk\u0142ad kat\u00f3wek pojawi\u0142 si\u0119 na mie\u015bcie nawet przy \u015bwi\u0119cie. 01.05.2013<\/p>\n","protected":false},"author":1,"featured_media":10762,"comment_status":"open","ping_status":"","sticky":false,"template":"","format":"standard","meta":{"footnotes":""},"categories":[55,3],"tags":[2990,34,640,23,3048,143,33,3047],"class_list":["post-10742","post","type-post","status-publish","format-standard","has-post-thumbnail","hentry","category-rok-2013","category-tramwaj","tag-2013-05-01","tag-architektura","tag-majowka-2013","tag-niemcy","tag-poczdam","tag-ponad-30m","tag-tatra-kt4","tag-vip-potsdam"],"_links":{"self":[{"href":"https:\/\/wgphoto.pl\/t\/index.php?rest_route=\/wp\/v2\/posts\/10742","targetHints":{"allow":["GET"]}}],"collection":[{"href":"https:\/\/wgphoto.pl\/t\/index.php?rest_route=\/wp\/v2\/posts"}],"about":[{"href":"https:\/\/wgphoto.pl\/t\/index.php?rest_route=\/wp\/v2\/types\/post"}],"author":[{"embeddable":true,"href":"https:\/\/wgphoto.pl\/t\/index.php?rest_route=\/wp\/v2\/users\/1"}],"replies":[{"embeddable":true,"href":"https:\/\/wgphoto.pl\/t\/index.php?rest_route=%2Fwp%2Fv2%2Fcomments&post=10742"}],"version-history":[{"count":2,"href":"https:\/\/wgphoto.pl\/t\/index.php?rest_route=\/wp\/v2\/posts\/10742\/revisions"}],"predecessor-version":[{"id":10763,"href":"https:\/\/wgphoto.pl\/t\/index.php?rest_route=\/wp\/v2\/posts\/10742\/revisions\/10763"}],"wp:featuredmedia":[{"embeddable":true,"href":"https:\/\/wgphoto.pl\/t\/index.php?rest_route=\/wp\/v2\/media\/10762"}],"wp:attachment":[{"href":"https:\/\/wgphoto.pl\/t\/index.php?rest_route=%2Fwp%2Fv2%2Fmedia&parent=10742"}],"wp:term":[{"taxonomy":"category","embeddable":true,"href":"https:\/\/wgphoto.pl\/t\/index.php?rest_route=%2Fwp%2Fv2%2Fcategories&post=10742"},{"taxonomy":"post_tag","embeddable":true,"href":"https:\/\/wgphoto.pl\/t\/index.php?rest_route=%2Fwp%2Fv2%2Ftags&post=10742"}],"curies":[{"name":"wp","href":"https:\/\/api.w.org\/{rel}","templated":true}]}}