{"id":10770,"date":"2025-01-26T18:51:11","date_gmt":"2025-01-26T17:51:11","guid":{"rendered":"https:\/\/wgphoto.pl\/t\/?p=10770"},"modified":"2025-01-26T18:58:17","modified_gmt":"2025-01-26T17:58:17","slug":"berlin-hauptbahnhof","status":"publish","type":"post","link":"https:\/\/wgphoto.pl\/t\/?p=10770","title":{"rendered":"Berlin Hauptbahnhof"},"content":{"rendered":"\n<figure class=\"wp-block-image aligncenter size-full\"><img loading=\"lazy\" decoding=\"async\" width=\"1400\" height=\"937\" src=\"https:\/\/wgphoto.pl\/t\/wp-content\/uploads\/2025\/01\/IMGP3237.jpg\" alt=\"\" class=\"wp-image-10771\" srcset=\"https:\/\/wgphoto.pl\/t\/wp-content\/uploads\/2025\/01\/IMGP3237.jpg 1400w, https:\/\/wgphoto.pl\/t\/wp-content\/uploads\/2025\/01\/IMGP3237-300x201.jpg 300w, https:\/\/wgphoto.pl\/t\/wp-content\/uploads\/2025\/01\/IMGP3237-768x514.jpg 768w\" sizes=\"auto, (max-width: 1400px) 100vw, 1400px\" \/><\/figure>\n\n\n\n<div class=\"wp-block-group has-global-padding is-layout-constrained wp-block-group-is-layout-constrained\">\n<p>112.124 z RE5 do Miasta Lutra Wittenbergi odje\u017cd\u017ca z podziemnych peron\u00f3w dworca g\u0142\u00f3wnego w Berlinie. 30.04.2013<\/p>\n<\/div>\n","protected":false},"excerpt":{"rendered":"<p>112.124 z RE5 do Miasta Lutra Wittenbergi odje\u017cd\u017ca z podziemnych peron\u00f3w dworca g\u0142\u00f3wnego w Berlinie. 30.04.2013<\/p>\n","protected":false},"author":1,"featured_media":10771,"comment_status":"open","ping_status":"closed","sticky":false,"template":"","format":"standard","meta":{"footnotes":""},"categories":[2,55],"tags":[3050,642,639,3049,206,2447,640,23,15],"class_list":["post-10770","post","type-post","status-publish","format-standard","has-post-thumbnail","hentry","category-kolej","category-rok-2013","tag-3050","tag-2013-04-30","tag-berlin","tag-berlin-hauptbahnhof","tag-db","tag-dworzec-glowny-w-stolicy","tag-majowka-2013","tag-niemcy","tag-tunel"],"_links":{"self":[{"href":"https:\/\/wgphoto.pl\/t\/index.php?rest_route=\/wp\/v2\/posts\/10770","targetHints":{"allow":["GET"]}}],"collection":[{"href":"https:\/\/wgphoto.pl\/t\/index.php?rest_route=\/wp\/v2\/posts"}],"about":[{"href":"https:\/\/wgphoto.pl\/t\/index.php?rest_route=\/wp\/v2\/types\/post"}],"author":[{"embeddable":true,"href":"https:\/\/wgphoto.pl\/t\/index.php?rest_route=\/wp\/v2\/users\/1"}],"replies":[{"embeddable":true,"href":"https:\/\/wgphoto.pl\/t\/index.php?rest_route=%2Fwp%2Fv2%2Fcomments&post=10770"}],"version-history":[{"count":1,"href":"https:\/\/wgphoto.pl\/t\/index.php?rest_route=\/wp\/v2\/posts\/10770\/revisions"}],"predecessor-version":[{"id":10772,"href":"https:\/\/wgphoto.pl\/t\/index.php?rest_route=\/wp\/v2\/posts\/10770\/revisions\/10772"}],"wp:featuredmedia":[{"embeddable":true,"href":"https:\/\/wgphoto.pl\/t\/index.php?rest_route=\/wp\/v2\/media\/10771"}],"wp:attachment":[{"href":"https:\/\/wgphoto.pl\/t\/index.php?rest_route=%2Fwp%2Fv2%2Fmedia&parent=10770"}],"wp:term":[{"taxonomy":"category","embeddable":true,"href":"https:\/\/wgphoto.pl\/t\/index.php?rest_route=%2Fwp%2Fv2%2Fcategories&post=10770"},{"taxonomy":"post_tag","embeddable":true,"href":"https:\/\/wgphoto.pl\/t\/index.php?rest_route=%2Fwp%2Fv2%2Ftags&post=10770"}],"curies":[{"name":"wp","href":"https:\/\/api.w.org\/{rel}","templated":true}]}}