{"id":10773,"date":"2025-01-26T18:53:58","date_gmt":"2025-01-26T17:53:58","guid":{"rendered":"https:\/\/wgphoto.pl\/t\/?p=10773"},"modified":"2025-01-26T18:58:05","modified_gmt":"2025-01-26T17:58:05","slug":"dwie-epoki","status":"publish","type":"post","link":"https:\/\/wgphoto.pl\/t\/?p=10773","title":{"rendered":"Dwie epoki"},"content":{"rendered":"\n<figure class=\"wp-block-image aligncenter size-full\"><img loading=\"lazy\" decoding=\"async\" width=\"1400\" height=\"937\" src=\"https:\/\/wgphoto.pl\/t\/wp-content\/uploads\/2025\/01\/IMGP3085.jpg\" alt=\"\" class=\"wp-image-10774\" srcset=\"https:\/\/wgphoto.pl\/t\/wp-content\/uploads\/2025\/01\/IMGP3085.jpg 1400w, https:\/\/wgphoto.pl\/t\/wp-content\/uploads\/2025\/01\/IMGP3085-300x201.jpg 300w, https:\/\/wgphoto.pl\/t\/wp-content\/uploads\/2025\/01\/IMGP3085-768x514.jpg 768w\" sizes=\"auto, (max-width: 1400px) 100vw, 1400px\" \/><\/figure>\n\n\n\n<div class=\"wp-block-group has-global-padding is-layout-constrained wp-block-group-is-layout-constrained\">\n<p>Berlin, Alt K\u00f6penick. Samoch\u00f3d pary m\u0142odej przyci\u0105ga\u0142 wzrok ne tylko przechodni\u00f3w i motorniczych, ale i m\u00f3j, czego dowodem to w\u0142a\u015bnie zdj\u0119cie. Zdj\u0119cie &#8222;spalone&#8221;, doda\u0107 nale\u017cy &#8211; bo z uci\u0119tym pojazdem wsp\u00f3\u0142czesnym, kt\u00f3ry m\u00f3g\u0142 tutaj wspaniale zakontrastowa\u0107. Pozostaje wi\u0119c si\u0119 zadowoli\u0107 tramwajem &#8211; NGT6 2016. 30.04.2013<\/p>\n<\/div>\n","protected":false},"excerpt":{"rendered":"<p>Berlin, Alt K\u00f6penick. Samoch\u00f3d pary m\u0142odej przyci\u0105ga\u0142 wzrok ne tylko przechodni\u00f3w i motorniczych, ale i m\u00f3j, czego dowodem to w\u0142a\u015bnie zdj\u0119cie. Zdj\u0119cie &#8222;spalone&#8221;, doda\u0107 nale\u017cy &#8211; bo z uci\u0119tym pojazdem wsp\u00f3\u0142czesnym, kt\u00f3ry m\u00f3g\u0142 tutaj wspaniale zakontrastowa\u0107. Pozostaje wi\u0119c si\u0119 zadowoli\u0107 tramwajem &#8211; NGT6 2016. 30.04.2013<\/p>\n","protected":false},"author":1,"featured_media":10774,"comment_status":"open","ping_status":"closed","sticky":false,"template":"","format":"standard","meta":{"footnotes":""},"categories":[55,3],"tags":[642,418,639,1628,239,1265,640,23],"class_list":["post-10773","post","type-post","status-publish","format-standard","has-post-thumbnail","hentry","category-rok-2013","category-tramwaj","tag-2013-04-30","tag-auto","tag-berlin","tag-bvg-berlin","tag-deptak","tag-gtxn","tag-majowka-2013","tag-niemcy"],"_links":{"self":[{"href":"https:\/\/wgphoto.pl\/t\/index.php?rest_route=\/wp\/v2\/posts\/10773","targetHints":{"allow":["GET"]}}],"collection":[{"href":"https:\/\/wgphoto.pl\/t\/index.php?rest_route=\/wp\/v2\/posts"}],"about":[{"href":"https:\/\/wgphoto.pl\/t\/index.php?rest_route=\/wp\/v2\/types\/post"}],"author":[{"embeddable":true,"href":"https:\/\/wgphoto.pl\/t\/index.php?rest_route=\/wp\/v2\/users\/1"}],"replies":[{"embeddable":true,"href":"https:\/\/wgphoto.pl\/t\/index.php?rest_route=%2Fwp%2Fv2%2Fcomments&post=10773"}],"version-history":[{"count":1,"href":"https:\/\/wgphoto.pl\/t\/index.php?rest_route=\/wp\/v2\/posts\/10773\/revisions"}],"predecessor-version":[{"id":10775,"href":"https:\/\/wgphoto.pl\/t\/index.php?rest_route=\/wp\/v2\/posts\/10773\/revisions\/10775"}],"wp:featuredmedia":[{"embeddable":true,"href":"https:\/\/wgphoto.pl\/t\/index.php?rest_route=\/wp\/v2\/media\/10774"}],"wp:attachment":[{"href":"https:\/\/wgphoto.pl\/t\/index.php?rest_route=%2Fwp%2Fv2%2Fmedia&parent=10773"}],"wp:term":[{"taxonomy":"category","embeddable":true,"href":"https:\/\/wgphoto.pl\/t\/index.php?rest_route=%2Fwp%2Fv2%2Fcategories&post=10773"},{"taxonomy":"post_tag","embeddable":true,"href":"https:\/\/wgphoto.pl\/t\/index.php?rest_route=%2Fwp%2Fv2%2Ftags&post=10773"}],"curies":[{"name":"wp","href":"https:\/\/api.w.org\/{rel}","templated":true}]}}