{"id":10785,"date":"2025-01-26T21:04:02","date_gmt":"2025-01-26T20:04:02","guid":{"rendered":"https:\/\/wgphoto.pl\/t\/?p=10785"},"modified":"2025-01-26T21:04:02","modified_gmt":"2025-01-26T20:04:02","slug":"kotomierz-4-3","status":"publish","type":"post","link":"https:\/\/wgphoto.pl\/t\/?p=10785","title":{"rendered":"Kotomierz 4\/3"},"content":{"rendered":"\n<figure class=\"wp-block-image aligncenter size-full\"><img loading=\"lazy\" decoding=\"async\" width=\"1200\" height=\"900\" src=\"https:\/\/wgphoto.pl\/t\/wp-content\/uploads\/2025\/01\/dscf7303.jpg\" alt=\"\" class=\"wp-image-10786\" srcset=\"https:\/\/wgphoto.pl\/t\/wp-content\/uploads\/2025\/01\/dscf7303.jpg 1200w, https:\/\/wgphoto.pl\/t\/wp-content\/uploads\/2025\/01\/dscf7303-300x225.jpg 300w, https:\/\/wgphoto.pl\/t\/wp-content\/uploads\/2025\/01\/dscf7303-768x576.jpg 768w\" sizes=\"auto, (max-width: 1200px) 100vw, 1200px\" \/><\/figure>\n\n\n\n<div class=\"wp-block-group has-global-padding is-layout-constrained wp-block-group-is-layout-constrained\">\n<p>Znalaz\u0142em jeszcze jedno foto z Kotomierza, przez kt\u00f3ry przemyka z pe\u0142n\u0105 pr\u0119dko\u015bci\u0105 bli\u017cej nieokre\u015blony po\u015bpiech. 2008-08-09<\/p>\n<\/div>\n","protected":false},"excerpt":{"rendered":"<p>Znalaz\u0142em jeszcze jedno foto z Kotomierza, przez kt\u00f3ry przemyka z pe\u0142n\u0105 pr\u0119dko\u015bci\u0105 bli\u017cej nieokre\u015blony po\u015bpiech. 2008-08-09<\/p>\n","protected":false},"author":1,"featured_media":10786,"comment_status":"open","ping_status":"","sticky":false,"template":"","format":"standard","meta":{"footnotes":""},"categories":[2,120],"tags":[3053,122,3052,63,27,920],"class_list":["post-10785","post","type-post","status-publish","format-standard","has-post-thumbnail","hentry","category-kolej","category-rok-2008","tag-2008-08-09","tag-eu07","tag-kotomierz","tag-pkp","tag-polska","tag-tab-pl430"],"_links":{"self":[{"href":"https:\/\/wgphoto.pl\/t\/index.php?rest_route=\/wp\/v2\/posts\/10785","targetHints":{"allow":["GET"]}}],"collection":[{"href":"https:\/\/wgphoto.pl\/t\/index.php?rest_route=\/wp\/v2\/posts"}],"about":[{"href":"https:\/\/wgphoto.pl\/t\/index.php?rest_route=\/wp\/v2\/types\/post"}],"author":[{"embeddable":true,"href":"https:\/\/wgphoto.pl\/t\/index.php?rest_route=\/wp\/v2\/users\/1"}],"replies":[{"embeddable":true,"href":"https:\/\/wgphoto.pl\/t\/index.php?rest_route=%2Fwp%2Fv2%2Fcomments&post=10785"}],"version-history":[{"count":1,"href":"https:\/\/wgphoto.pl\/t\/index.php?rest_route=\/wp\/v2\/posts\/10785\/revisions"}],"predecessor-version":[{"id":10787,"href":"https:\/\/wgphoto.pl\/t\/index.php?rest_route=\/wp\/v2\/posts\/10785\/revisions\/10787"}],"wp:featuredmedia":[{"embeddable":true,"href":"https:\/\/wgphoto.pl\/t\/index.php?rest_route=\/wp\/v2\/media\/10786"}],"wp:attachment":[{"href":"https:\/\/wgphoto.pl\/t\/index.php?rest_route=%2Fwp%2Fv2%2Fmedia&parent=10785"}],"wp:term":[{"taxonomy":"category","embeddable":true,"href":"https:\/\/wgphoto.pl\/t\/index.php?rest_route=%2Fwp%2Fv2%2Fcategories&post=10785"},{"taxonomy":"post_tag","embeddable":true,"href":"https:\/\/wgphoto.pl\/t\/index.php?rest_route=%2Fwp%2Fv2%2Ftags&post=10785"}],"curies":[{"name":"wp","href":"https:\/\/api.w.org\/{rel}","templated":true}]}}