{"id":10797,"date":"2025-01-26T21:07:50","date_gmt":"2025-01-26T20:07:50","guid":{"rendered":"https:\/\/wgphoto.pl\/t\/?p=10797"},"modified":"2025-01-26T21:07:50","modified_gmt":"2025-01-26T20:07:50","slug":"10-wagonow-2","status":"publish","type":"post","link":"https:\/\/wgphoto.pl\/t\/?p=10797","title":{"rendered":"10 wagon\u00f3w"},"content":{"rendered":"\n<figure class=\"wp-block-image aligncenter size-full\"><img loading=\"lazy\" decoding=\"async\" width=\"1200\" height=\"760\" src=\"https:\/\/wgphoto.pl\/t\/wp-content\/uploads\/2025\/01\/0810-17.jpg\" alt=\"\" class=\"wp-image-10798\" srcset=\"https:\/\/wgphoto.pl\/t\/wp-content\/uploads\/2025\/01\/0810-17.jpg 1200w, https:\/\/wgphoto.pl\/t\/wp-content\/uploads\/2025\/01\/0810-17-300x190.jpg 300w, https:\/\/wgphoto.pl\/t\/wp-content\/uploads\/2025\/01\/0810-17-768x486.jpg 768w\" sizes=\"auto, (max-width: 1200px) 100vw, 1200px\" \/><\/figure>\n\n\n\n<div class=\"wp-block-group has-global-padding is-layout-constrained wp-block-group-is-layout-constrained\">\n<p>Poci\u0105g pospieszny z Ko\u0142obrzegu do \u0141odzi i Warszawy zatrzymuje si\u0119 w Wierzchucinie, prezentuj\u0105c swoje pe\u0142ne, 10-wagonowe zestawienie. Prowadzi SU45-116. 2008-08-09<\/p>\n<\/div>\n","protected":false},"excerpt":{"rendered":"<p>Poci\u0105g pospieszny z Ko\u0142obrzegu do \u0141odzi i Warszawy zatrzymuje si\u0119 w Wierzchucinie, prezentuj\u0105c swoje pe\u0142ne, 10-wagonowe zestawienie. Prowadzi SU45-116. 2008-08-09<\/p>\n","protected":false},"author":1,"featured_media":10798,"comment_status":"open","ping_status":"","sticky":false,"template":"","format":"standard","meta":{"footnotes":""},"categories":[62,2,120],"tags":[3053,1186,63,27,290,793,1774],"class_list":["post-10797","post","type-post","status-publish","format-standard","has-post-thumbnail","hentry","category-analog","category-kolej","category-rok-2008","tag-2008-08-09","tag-na-wsiadanego","tag-pkp","tag-polska","tag-su45","tag-tab-pl431","tag-wierzchucin"],"_links":{"self":[{"href":"https:\/\/wgphoto.pl\/t\/index.php?rest_route=\/wp\/v2\/posts\/10797","targetHints":{"allow":["GET"]}}],"collection":[{"href":"https:\/\/wgphoto.pl\/t\/index.php?rest_route=\/wp\/v2\/posts"}],"about":[{"href":"https:\/\/wgphoto.pl\/t\/index.php?rest_route=\/wp\/v2\/types\/post"}],"author":[{"embeddable":true,"href":"https:\/\/wgphoto.pl\/t\/index.php?rest_route=\/wp\/v2\/users\/1"}],"replies":[{"embeddable":true,"href":"https:\/\/wgphoto.pl\/t\/index.php?rest_route=%2Fwp%2Fv2%2Fcomments&post=10797"}],"version-history":[{"count":1,"href":"https:\/\/wgphoto.pl\/t\/index.php?rest_route=\/wp\/v2\/posts\/10797\/revisions"}],"predecessor-version":[{"id":10799,"href":"https:\/\/wgphoto.pl\/t\/index.php?rest_route=\/wp\/v2\/posts\/10797\/revisions\/10799"}],"wp:featuredmedia":[{"embeddable":true,"href":"https:\/\/wgphoto.pl\/t\/index.php?rest_route=\/wp\/v2\/media\/10798"}],"wp:attachment":[{"href":"https:\/\/wgphoto.pl\/t\/index.php?rest_route=%2Fwp%2Fv2%2Fmedia&parent=10797"}],"wp:term":[{"taxonomy":"category","embeddable":true,"href":"https:\/\/wgphoto.pl\/t\/index.php?rest_route=%2Fwp%2Fv2%2Fcategories&post=10797"},{"taxonomy":"post_tag","embeddable":true,"href":"https:\/\/wgphoto.pl\/t\/index.php?rest_route=%2Fwp%2Fv2%2Ftags&post=10797"}],"curies":[{"name":"wp","href":"https:\/\/api.w.org\/{rel}","templated":true}]}}