{"id":10800,"date":"2025-01-26T21:08:59","date_gmt":"2025-01-26T20:08:59","guid":{"rendered":"https:\/\/wgphoto.pl\/t\/?p=10800"},"modified":"2025-01-26T21:08:59","modified_gmt":"2025-01-26T20:08:59","slug":"co-ma-stonka-do-baklazana","status":"publish","type":"post","link":"https:\/\/wgphoto.pl\/t\/?p=10800","title":{"rendered":"Co ma stonka do bak\u0142a\u017cana?"},"content":{"rendered":"\n<figure class=\"wp-block-image aligncenter size-full\"><img loading=\"lazy\" decoding=\"async\" width=\"1200\" height=\"900\" src=\"https:\/\/wgphoto.pl\/t\/wp-content\/uploads\/2025\/01\/dscf7638.jpg\" alt=\"\" class=\"wp-image-10801\" srcset=\"https:\/\/wgphoto.pl\/t\/wp-content\/uploads\/2025\/01\/dscf7638.jpg 1200w, https:\/\/wgphoto.pl\/t\/wp-content\/uploads\/2025\/01\/dscf7638-300x225.jpg 300w, https:\/\/wgphoto.pl\/t\/wp-content\/uploads\/2025\/01\/dscf7638-768x576.jpg 768w\" sizes=\"auto, (max-width: 1200px) 100vw, 1200px\" \/><\/figure>\n\n\n\n<div class=\"wp-block-group has-global-padding is-layout-constrained wp-block-group-is-layout-constrained\">\n<p>Jaka\u015b prywaciarska SM-ka mija Fa\u0142kowo lewym torem, umo\u017cliwiaj\u0105c sfotografowanie budynku r\u00f3wnie\u017c od strony Poznania, gdzie czerwona ceg\u0142a zaczyna wy\u0142azi\u0107 spod elewacji malowanej farb\u0105 w kolorze bak\u0142a\u017cana. Je\u015bliby komu\u015b jako\u015b\u0107 nie podpasowa\u0142a, reklamacje prosz\u0119 zg\u0142asza\u0107 do kompaktowej cyfry, wyposa\u017conej w wyj\u0105tkowo kiepski obiektyw (tak, dopiero teraz to zauwa\u017cam), generuj\u0105cy monstrualne aberracje. 2008-09-24<\/p>\n<\/div>\n","protected":false},"excerpt":{"rendered":"<p>Jaka\u015b prywaciarska SM-ka mija Fa\u0142kowo lewym torem, umo\u017cliwiaj\u0105c sfotografowanie budynku r\u00f3wnie\u017c od strony Poznania, gdzie czerwona ceg\u0142a zaczyna wy\u0142azi\u0107 spod elewacji malowanej farb\u0105 w kolorze bak\u0142a\u017cana. Je\u015bliby komu\u015b jako\u015b\u0107 nie podpasowa\u0142a, reklamacje prosz\u0119 zg\u0142asza\u0107 do kompaktowej cyfry, wyposa\u017conej w wyj\u0105tkowo kiepski obiektyw (tak, dopiero teraz to zauwa\u017cam), generuj\u0105cy monstrualne aberracje. 2008-09-24<\/p>\n","protected":false},"author":1,"featured_media":10801,"comment_status":"open","ping_status":"","sticky":false,"template":"","format":"standard","meta":{"footnotes":""},"categories":[2,120],"tags":[1752,3054,27,473,920],"class_list":["post-10800","post","type-post","status-publish","format-standard","has-post-thumbnail","hentry","category-kolej","category-rok-2008","tag-2008-09-24","tag-falkowo","tag-polska","tag-sm42","tag-tab-pl430"],"_links":{"self":[{"href":"https:\/\/wgphoto.pl\/t\/index.php?rest_route=\/wp\/v2\/posts\/10800","targetHints":{"allow":["GET"]}}],"collection":[{"href":"https:\/\/wgphoto.pl\/t\/index.php?rest_route=\/wp\/v2\/posts"}],"about":[{"href":"https:\/\/wgphoto.pl\/t\/index.php?rest_route=\/wp\/v2\/types\/post"}],"author":[{"embeddable":true,"href":"https:\/\/wgphoto.pl\/t\/index.php?rest_route=\/wp\/v2\/users\/1"}],"replies":[{"embeddable":true,"href":"https:\/\/wgphoto.pl\/t\/index.php?rest_route=%2Fwp%2Fv2%2Fcomments&post=10800"}],"version-history":[{"count":1,"href":"https:\/\/wgphoto.pl\/t\/index.php?rest_route=\/wp\/v2\/posts\/10800\/revisions"}],"predecessor-version":[{"id":10802,"href":"https:\/\/wgphoto.pl\/t\/index.php?rest_route=\/wp\/v2\/posts\/10800\/revisions\/10802"}],"wp:featuredmedia":[{"embeddable":true,"href":"https:\/\/wgphoto.pl\/t\/index.php?rest_route=\/wp\/v2\/media\/10801"}],"wp:attachment":[{"href":"https:\/\/wgphoto.pl\/t\/index.php?rest_route=%2Fwp%2Fv2%2Fmedia&parent=10800"}],"wp:term":[{"taxonomy":"category","embeddable":true,"href":"https:\/\/wgphoto.pl\/t\/index.php?rest_route=%2Fwp%2Fv2%2Fcategories&post=10800"},{"taxonomy":"post_tag","embeddable":true,"href":"https:\/\/wgphoto.pl\/t\/index.php?rest_route=%2Fwp%2Fv2%2Ftags&post=10800"}],"curies":[{"name":"wp","href":"https:\/\/api.w.org\/{rel}","templated":true}]}}