{"id":10809,"date":"2025-01-26T21:12:52","date_gmt":"2025-01-26T20:12:52","guid":{"rendered":"https:\/\/wgphoto.pl\/t\/?p=10809"},"modified":"2025-01-26T21:12:52","modified_gmt":"2025-01-26T20:12:52","slug":"mevlana","status":"publish","type":"post","link":"https:\/\/wgphoto.pl\/t\/?p=10809","title":{"rendered":"Mevlana"},"content":{"rendered":"\n<figure class=\"wp-block-image aligncenter size-full\"><img loading=\"lazy\" decoding=\"async\" width=\"1300\" height=\"861\" src=\"https:\/\/wgphoto.pl\/t\/wp-content\/uploads\/2025\/01\/IMGP7351.jpg\" alt=\"\" class=\"wp-image-10810\" srcset=\"https:\/\/wgphoto.pl\/t\/wp-content\/uploads\/2025\/01\/IMGP7351.jpg 1300w, https:\/\/wgphoto.pl\/t\/wp-content\/uploads\/2025\/01\/IMGP7351-300x199.jpg 300w, https:\/\/wgphoto.pl\/t\/wp-content\/uploads\/2025\/01\/IMGP7351-768x509.jpg 768w\" sizes=\"auto, (max-width: 1300px) 100vw, 1300px\" \/><\/figure>\n\n\n\n<div class=\"wp-block-group has-global-padding is-layout-constrained wp-block-group-is-layout-constrained\">\n<p>\u0160koda mija zabudowania muzeum Mevlana z charakterystyczn\u0105 zielon\u0105 wie\u017c\u0105, jednym z symboli Konyi. Mie\u015bci si\u0119 w niej mauzoleum \u015bredniowiecznego poety, mistyka i teologa Rumiego, za\u0142o\u017cyciela bractwa wiruj\u0105cych derwiszy. 2016-10-07<\/p>\n<\/div>\n","protected":false},"excerpt":{"rendered":"<p>\u0160koda mija zabudowania muzeum Mevlana z charakterystyczn\u0105 zielon\u0105 wie\u017c\u0105, jednym z symboli Konyi. Mie\u015bci si\u0119 w niej mauzoleum \u015bredniowiecznego poety, mistyka i teologa Rumiego, za\u0142o\u017cyciela bractwa wiruj\u0105cych derwiszy. 2016-10-07<\/p>\n","protected":false},"author":1,"featured_media":10810,"comment_status":"open","ping_status":"","sticky":false,"template":"","format":"standard","meta":{"footnotes":""},"categories":[125,3],"tags":[929,34,928,176,930,3055,927,931],"class_list":["post-10809","post","type-post","status-publish","format-standard","has-post-thumbnail","hentry","category-rok-2016","category-tramwaj","tag-2016-10-07","tag-architektura","tag-konya","tag-rano","tag-skoda-28t","tag-tramwajem-bez-sieci","tag-turcja","tag-turcja-2016"],"_links":{"self":[{"href":"https:\/\/wgphoto.pl\/t\/index.php?rest_route=\/wp\/v2\/posts\/10809","targetHints":{"allow":["GET"]}}],"collection":[{"href":"https:\/\/wgphoto.pl\/t\/index.php?rest_route=\/wp\/v2\/posts"}],"about":[{"href":"https:\/\/wgphoto.pl\/t\/index.php?rest_route=\/wp\/v2\/types\/post"}],"author":[{"embeddable":true,"href":"https:\/\/wgphoto.pl\/t\/index.php?rest_route=\/wp\/v2\/users\/1"}],"replies":[{"embeddable":true,"href":"https:\/\/wgphoto.pl\/t\/index.php?rest_route=%2Fwp%2Fv2%2Fcomments&post=10809"}],"version-history":[{"count":1,"href":"https:\/\/wgphoto.pl\/t\/index.php?rest_route=\/wp\/v2\/posts\/10809\/revisions"}],"predecessor-version":[{"id":10811,"href":"https:\/\/wgphoto.pl\/t\/index.php?rest_route=\/wp\/v2\/posts\/10809\/revisions\/10811"}],"wp:featuredmedia":[{"embeddable":true,"href":"https:\/\/wgphoto.pl\/t\/index.php?rest_route=\/wp\/v2\/media\/10810"}],"wp:attachment":[{"href":"https:\/\/wgphoto.pl\/t\/index.php?rest_route=%2Fwp%2Fv2%2Fmedia&parent=10809"}],"wp:term":[{"taxonomy":"category","embeddable":true,"href":"https:\/\/wgphoto.pl\/t\/index.php?rest_route=%2Fwp%2Fv2%2Fcategories&post=10809"},{"taxonomy":"post_tag","embeddable":true,"href":"https:\/\/wgphoto.pl\/t\/index.php?rest_route=%2Fwp%2Fv2%2Ftags&post=10809"}],"curies":[{"name":"wp","href":"https:\/\/api.w.org\/{rel}","templated":true}]}}