{"id":1081,"date":"2024-10-01T21:57:46","date_gmt":"2024-10-01T19:57:46","guid":{"rendered":"https:\/\/wgphoto.pl\/t\/?p=1081"},"modified":"2024-10-01T21:57:46","modified_gmt":"2024-10-01T19:57:46","slug":"podwojny-portret-z-petli","status":"publish","type":"post","link":"https:\/\/wgphoto.pl\/t\/?p=1081","title":{"rendered":"Podw\u00f3jny portret z p\u0119tli"},"content":{"rendered":"\n<figure class=\"wp-block-image aligncenter size-full\"><img loading=\"lazy\" decoding=\"async\" width=\"1200\" height=\"796\" src=\"http:\/\/wgphoto.pl\/t\/wp-content\/uploads\/2024\/10\/0426-05.jpg\" alt=\"\" class=\"wp-image-1082\"\/><\/figure>\n\n\n\n<div class=\"wp-block-group has-global-padding is-layout-constrained wp-block-group-is-layout-constrained\">\n<p>Wroc\u0142aw, p\u0119tla Park Po\u0142udniowy. 2406+2405 z zajezdni D\u0105bie i 2502+2503 z Gaju na liniach dla siebie wzajemnie odwrotnych. Obie zajezdnie obs\u0142ugiwa\u0142y bowiem w wi\u0119kszo\u015bci &#8222;te drugie&#8221; linie, a na 16 Gaj oraz na 9 D\u0105bie mia\u0142y chyba tylko po tej jednej brygadzie. Obecnie oba sk\u0142ady ju\u017c nie istniej\u0105. 21.09.2004<\/p>\n<\/div>\n","protected":false},"excerpt":{"rendered":"<p>Wroc\u0142aw, p\u0119tla Park Po\u0142udniowy. 2406+2405 z zajezdni D\u0105bie i 2502+2503 z Gaju na liniach dla siebie wzajemnie odwrotnych. Obie zajezdnie obs\u0142ugiwa\u0142y bowiem w wi\u0119kszo\u015bci &#8222;te drugie&#8221; linie, a na 16 Gaj oraz na 9 D\u0105bie mia\u0142y chyba tylko po tej jednej brygadzie. Obecnie oba sk\u0142ady ju\u017c nie istniej\u0105. 21.09.2004<\/p>\n","protected":false},"author":1,"featured_media":1082,"comment_status":"open","ping_status":"","sticky":false,"template":"","format":"standard","meta":{"footnotes":""},"categories":[62,61,3],"tags":[155,512,42,27,438,41],"class_list":["post-1081","post","type-post","status-publish","format-standard","has-post-thumbnail","hentry","category-analog","category-rok-2004","category-tramwaj","tag-105na","tag-2004-09-21","tag-mpk-wroclaw","tag-polska","tag-portret-z-petli","tag-wroclaw"],"_links":{"self":[{"href":"https:\/\/wgphoto.pl\/t\/index.php?rest_route=\/wp\/v2\/posts\/1081","targetHints":{"allow":["GET"]}}],"collection":[{"href":"https:\/\/wgphoto.pl\/t\/index.php?rest_route=\/wp\/v2\/posts"}],"about":[{"href":"https:\/\/wgphoto.pl\/t\/index.php?rest_route=\/wp\/v2\/types\/post"}],"author":[{"embeddable":true,"href":"https:\/\/wgphoto.pl\/t\/index.php?rest_route=\/wp\/v2\/users\/1"}],"replies":[{"embeddable":true,"href":"https:\/\/wgphoto.pl\/t\/index.php?rest_route=%2Fwp%2Fv2%2Fcomments&post=1081"}],"version-history":[{"count":1,"href":"https:\/\/wgphoto.pl\/t\/index.php?rest_route=\/wp\/v2\/posts\/1081\/revisions"}],"predecessor-version":[{"id":1083,"href":"https:\/\/wgphoto.pl\/t\/index.php?rest_route=\/wp\/v2\/posts\/1081\/revisions\/1083"}],"wp:featuredmedia":[{"embeddable":true,"href":"https:\/\/wgphoto.pl\/t\/index.php?rest_route=\/wp\/v2\/media\/1082"}],"wp:attachment":[{"href":"https:\/\/wgphoto.pl\/t\/index.php?rest_route=%2Fwp%2Fv2%2Fmedia&parent=1081"}],"wp:term":[{"taxonomy":"category","embeddable":true,"href":"https:\/\/wgphoto.pl\/t\/index.php?rest_route=%2Fwp%2Fv2%2Fcategories&post=1081"},{"taxonomy":"post_tag","embeddable":true,"href":"https:\/\/wgphoto.pl\/t\/index.php?rest_route=%2Fwp%2Fv2%2Ftags&post=1081"}],"curies":[{"name":"wp","href":"https:\/\/api.w.org\/{rel}","templated":true}]}}