{"id":10812,"date":"2025-01-26T21:13:53","date_gmt":"2025-01-26T20:13:53","guid":{"rendered":"https:\/\/wgphoto.pl\/t\/?p=10812"},"modified":"2025-01-26T21:13:53","modified_gmt":"2025-01-26T20:13:53","slug":"na-paluszkach","status":"publish","type":"post","link":"https:\/\/wgphoto.pl\/t\/?p=10812","title":{"rendered":"Na paluszkach"},"content":{"rendered":"\n<figure class=\"wp-block-image aligncenter size-full\"><img loading=\"lazy\" decoding=\"async\" width=\"600\" height=\"905\" src=\"https:\/\/wgphoto.pl\/t\/wp-content\/uploads\/2025\/01\/IMGP7283.jpg\" alt=\"\" class=\"wp-image-10813\" srcset=\"https:\/\/wgphoto.pl\/t\/wp-content\/uploads\/2025\/01\/IMGP7283.jpg 600w, https:\/\/wgphoto.pl\/t\/wp-content\/uploads\/2025\/01\/IMGP7283-199x300.jpg 199w\" sizes=\"auto, (max-width: 600px) 100vw, 600px\" \/><\/figure>\n\n\n\n<div class=\"wp-block-group has-global-padding is-layout-constrained wp-block-group-is-layout-constrained\">\n<p>Przeszkadza Turkom sie\u0107 trakcyjna, a jakie\u015b szmaty wisz\u0105ce nad ulic\u0105 ju\u017c nie. \u0160koda 4263 jad\u0105c &#8222;na paluszkach&#8221; opu\u015bci\u0142a w\u0142a\u015bnie \u015br\u00f3dmiejsk\u0105 p\u0119tl\u0119, oplataj\u0105c\u0105 wzg\u00f3rze Alladyna. W tle widoczne s\u0105 sakralne zabudowania znane z poprzednich zdj\u0119\u0107, a tak\u017ce bloki, w\u015br\u00f3d kt\u00f3rych przebiega ko\u0144cowy odcinek nied\u0142ugiej trasy linii 2. 2016-10-07<\/p>\n<\/div>\n","protected":false},"excerpt":{"rendered":"<p>Przeszkadza Turkom sie\u0107 trakcyjna, a jakie\u015b szmaty wisz\u0105ce nad ulic\u0105 ju\u017c nie. \u0160koda 4263 jad\u0105c &#8222;na paluszkach&#8221; opu\u015bci\u0142a w\u0142a\u015bnie \u015br\u00f3dmiejsk\u0105 p\u0119tl\u0119, oplataj\u0105c\u0105 wzg\u00f3rze Alladyna. W tle widoczne s\u0105 sakralne zabudowania znane z poprzednich zdj\u0119\u0107, a tak\u017ce bloki, w\u015br\u00f3d kt\u00f3rych przebiega ko\u0144cowy odcinek nied\u0142ugiej trasy linii 2. 2016-10-07<\/p>\n","protected":false},"author":1,"featured_media":10813,"comment_status":"open","ping_status":"","sticky":false,"template":"","format":"standard","meta":{"footnotes":""},"categories":[128,125,3],"tags":[929,928,930,3055,927,931,90],"class_list":["post-10812","post","type-post","status-publish","format-standard","has-post-thumbnail","hentry","category-pionowe","category-rok-2016","category-tramwaj","tag-2016-10-07","tag-konya","tag-skoda-28t","tag-tramwajem-bez-sieci","tag-turcja","tag-turcja-2016","tag-wieczorem"],"_links":{"self":[{"href":"https:\/\/wgphoto.pl\/t\/index.php?rest_route=\/wp\/v2\/posts\/10812","targetHints":{"allow":["GET"]}}],"collection":[{"href":"https:\/\/wgphoto.pl\/t\/index.php?rest_route=\/wp\/v2\/posts"}],"about":[{"href":"https:\/\/wgphoto.pl\/t\/index.php?rest_route=\/wp\/v2\/types\/post"}],"author":[{"embeddable":true,"href":"https:\/\/wgphoto.pl\/t\/index.php?rest_route=\/wp\/v2\/users\/1"}],"replies":[{"embeddable":true,"href":"https:\/\/wgphoto.pl\/t\/index.php?rest_route=%2Fwp%2Fv2%2Fcomments&post=10812"}],"version-history":[{"count":1,"href":"https:\/\/wgphoto.pl\/t\/index.php?rest_route=\/wp\/v2\/posts\/10812\/revisions"}],"predecessor-version":[{"id":10814,"href":"https:\/\/wgphoto.pl\/t\/index.php?rest_route=\/wp\/v2\/posts\/10812\/revisions\/10814"}],"wp:featuredmedia":[{"embeddable":true,"href":"https:\/\/wgphoto.pl\/t\/index.php?rest_route=\/wp\/v2\/media\/10813"}],"wp:attachment":[{"href":"https:\/\/wgphoto.pl\/t\/index.php?rest_route=%2Fwp%2Fv2%2Fmedia&parent=10812"}],"wp:term":[{"taxonomy":"category","embeddable":true,"href":"https:\/\/wgphoto.pl\/t\/index.php?rest_route=%2Fwp%2Fv2%2Fcategories&post=10812"},{"taxonomy":"post_tag","embeddable":true,"href":"https:\/\/wgphoto.pl\/t\/index.php?rest_route=%2Fwp%2Fv2%2Ftags&post=10812"}],"curies":[{"name":"wp","href":"https:\/\/api.w.org\/{rel}","templated":true}]}}