{"id":10815,"date":"2025-01-26T21:14:50","date_gmt":"2025-01-26T20:14:50","guid":{"rendered":"https:\/\/wgphoto.pl\/t\/?p=10815"},"modified":"2025-01-26T21:14:50","modified_gmt":"2025-01-26T20:14:50","slug":"na-jedynce-zielone","status":"publish","type":"post","link":"https:\/\/wgphoto.pl\/t\/?p=10815","title":{"rendered":"Na jedynce zielone"},"content":{"rendered":"\n<figure class=\"wp-block-image aligncenter size-full\"><img loading=\"lazy\" decoding=\"async\" width=\"1200\" height=\"795\" src=\"https:\/\/wgphoto.pl\/t\/wp-content\/uploads\/2025\/01\/IMGP7372.jpg\" alt=\"\" class=\"wp-image-10816\" srcset=\"https:\/\/wgphoto.pl\/t\/wp-content\/uploads\/2025\/01\/IMGP7372.jpg 1200w, https:\/\/wgphoto.pl\/t\/wp-content\/uploads\/2025\/01\/IMGP7372-300x199.jpg 300w, https:\/\/wgphoto.pl\/t\/wp-content\/uploads\/2025\/01\/IMGP7372-768x509.jpg 768w\" sizes=\"auto, (max-width: 1200px) 100vw, 1200px\" \/><\/figure>\n\n\n\n<div class=\"wp-block-group has-global-padding is-layout-constrained wp-block-group-is-layout-constrained\">\n<p>P\u0119tla wok\u00f3\u0142 wzg\u00f3rza Alladyna jest stycznym punktem obu tras tramwajowych w Konyi. Na pierwszym planie widoczny jest pozbawiony sieci trakcyjnej tor linii 2, natomiast zestaw 4239+4240 &#8211; z zielonymi elementami malatury, bez uk\u0142adu bateryjnego pozwalaj\u0105cego na d\u0142u\u017csz\u0105 jazd\u0119 bez zasilania oraz jad\u0105cy w sk\u0142adzie dwuwagonowym &#8211; prezentuje typow\u0105 obs\u0142ug\u0119 linii 1. Numery linii nie s\u0105 eksponowane ani na taborze, ani na przystankach, natomiast pojawiaj\u0105ce si\u0119 na wy\u015bwietlaczach oznaczenia w stylu widocznego H2 nie maj\u0105 \u017cadnego znaczenia. Wygl\u0105da\u0142o to tak, jakby pod tymi numerami zaprogramowano w sterowniku nazwy ko\u0144c\u00f3wek, i tak jedynka do uniwersytetu zawsze jecha\u0142a jako H2, a wraca\u0142a do centrum z numerem H1, natomiast H4 i H5 oznacza\u0142y kra\u0144ce dw\u00f3jki. H3 nie stwierdzono. \ud83d\ude09 2016-10-07<\/p>\n<\/div>\n","protected":false},"excerpt":{"rendered":"<p>P\u0119tla wok\u00f3\u0142 wzg\u00f3rza Alladyna jest stycznym punktem obu tras tramwajowych w Konyi. Na pierwszym planie widoczny jest pozbawiony sieci trakcyjnej tor linii 2, natomiast zestaw 4239+4240 &#8211; z zielonymi elementami malatury, bez uk\u0142adu bateryjnego pozwalaj\u0105cego na d\u0142u\u017csz\u0105 jazd\u0119 bez zasilania oraz jad\u0105cy w sk\u0142adzie dwuwagonowym &#8211; prezentuje typow\u0105 obs\u0142ug\u0119 linii 1. Numery linii nie s\u0105 [&hellip;]<\/p>\n","protected":false},"author":1,"featured_media":10816,"comment_status":"open","ping_status":"","sticky":false,"template":"","format":"standard","meta":{"footnotes":""},"categories":[125,3],"tags":[929,928,143,930,927,931],"class_list":["post-10815","post","type-post","status-publish","format-standard","has-post-thumbnail","hentry","category-rok-2016","category-tramwaj","tag-2016-10-07","tag-konya","tag-ponad-30m","tag-skoda-28t","tag-turcja","tag-turcja-2016"],"_links":{"self":[{"href":"https:\/\/wgphoto.pl\/t\/index.php?rest_route=\/wp\/v2\/posts\/10815","targetHints":{"allow":["GET"]}}],"collection":[{"href":"https:\/\/wgphoto.pl\/t\/index.php?rest_route=\/wp\/v2\/posts"}],"about":[{"href":"https:\/\/wgphoto.pl\/t\/index.php?rest_route=\/wp\/v2\/types\/post"}],"author":[{"embeddable":true,"href":"https:\/\/wgphoto.pl\/t\/index.php?rest_route=\/wp\/v2\/users\/1"}],"replies":[{"embeddable":true,"href":"https:\/\/wgphoto.pl\/t\/index.php?rest_route=%2Fwp%2Fv2%2Fcomments&post=10815"}],"version-history":[{"count":1,"href":"https:\/\/wgphoto.pl\/t\/index.php?rest_route=\/wp\/v2\/posts\/10815\/revisions"}],"predecessor-version":[{"id":10817,"href":"https:\/\/wgphoto.pl\/t\/index.php?rest_route=\/wp\/v2\/posts\/10815\/revisions\/10817"}],"wp:featuredmedia":[{"embeddable":true,"href":"https:\/\/wgphoto.pl\/t\/index.php?rest_route=\/wp\/v2\/media\/10816"}],"wp:attachment":[{"href":"https:\/\/wgphoto.pl\/t\/index.php?rest_route=%2Fwp%2Fv2%2Fmedia&parent=10815"}],"wp:term":[{"taxonomy":"category","embeddable":true,"href":"https:\/\/wgphoto.pl\/t\/index.php?rest_route=%2Fwp%2Fv2%2Fcategories&post=10815"},{"taxonomy":"post_tag","embeddable":true,"href":"https:\/\/wgphoto.pl\/t\/index.php?rest_route=%2Fwp%2Fv2%2Ftags&post=10815"}],"curies":[{"name":"wp","href":"https:\/\/api.w.org\/{rel}","templated":true}]}}