{"id":10824,"date":"2025-01-26T21:17:48","date_gmt":"2025-01-26T20:17:48","guid":{"rendered":"https:\/\/wgphoto.pl\/t\/?p=10824"},"modified":"2025-01-26T21:17:48","modified_gmt":"2025-01-26T20:17:48","slug":"kampus","status":"publish","type":"post","link":"https:\/\/wgphoto.pl\/t\/?p=10824","title":{"rendered":"Kamp\u00fcs"},"content":{"rendered":"\n<figure class=\"wp-block-image aligncenter size-full\"><img loading=\"lazy\" decoding=\"async\" width=\"1300\" height=\"861\" src=\"https:\/\/wgphoto.pl\/t\/wp-content\/uploads\/2025\/01\/IMGP7382.jpg\" alt=\"\" class=\"wp-image-10825\" srcset=\"https:\/\/wgphoto.pl\/t\/wp-content\/uploads\/2025\/01\/IMGP7382.jpg 1300w, https:\/\/wgphoto.pl\/t\/wp-content\/uploads\/2025\/01\/IMGP7382-300x199.jpg 300w, https:\/\/wgphoto.pl\/t\/wp-content\/uploads\/2025\/01\/IMGP7382-768x509.jpg 768w\" sizes=\"auto, (max-width: 1300px) 100vw, 1300px\" \/><\/figure>\n\n\n\n<div class=\"wp-block-group has-global-padding is-layout-constrained wp-block-group-is-layout-constrained\">\n<p>Tramwaj linii 1 wykonuje p\u0119tl\u0119 po kampusie uniwersyteckim, na terenie kt\u00f3rego wybudowano okaza\u0142y meczet. Nawi\u0105zuj\u0105c do tytu\u0142u &#8211; Turcy nie nadu\u017cywaj\u0105 co prawda umlaut\u00f3w tak bardzo jak Finowie, ale i tak zdarza im si\u0119 je wrzuci\u0107 w niespodziewane miejsca wyraz\u00f3w (dotyczy to r\u00f3wnie\u017c np. \u00dcniversite-tu). 2016-10-07<\/p>\n<\/div>\n","protected":false},"excerpt":{"rendered":"<p>Tramwaj linii 1 wykonuje p\u0119tl\u0119 po kampusie uniwersyteckim, na terenie kt\u00f3rego wybudowano okaza\u0142y meczet. Nawi\u0105zuj\u0105c do tytu\u0142u &#8211; Turcy nie nadu\u017cywaj\u0105 co prawda umlaut\u00f3w tak bardzo jak Finowie, ale i tak zdarza im si\u0119 je wrzuci\u0107 w niespodziewane miejsca wyraz\u00f3w (dotyczy to r\u00f3wnie\u017c np. \u00dcniversite-tu). 2016-10-07<\/p>\n","protected":false},"author":1,"featured_media":10825,"comment_status":"open","ping_status":"","sticky":false,"template":"","format":"standard","meta":{"footnotes":""},"categories":[125,3],"tags":[929,34,173,928,143,930,927,931],"class_list":["post-10824","post","type-post","status-publish","format-standard","has-post-thumbnail","hentry","category-rok-2016","category-tramwaj","tag-2016-10-07","tag-architektura","tag-koncowki","tag-konya","tag-ponad-30m","tag-skoda-28t","tag-turcja","tag-turcja-2016"],"_links":{"self":[{"href":"https:\/\/wgphoto.pl\/t\/index.php?rest_route=\/wp\/v2\/posts\/10824","targetHints":{"allow":["GET"]}}],"collection":[{"href":"https:\/\/wgphoto.pl\/t\/index.php?rest_route=\/wp\/v2\/posts"}],"about":[{"href":"https:\/\/wgphoto.pl\/t\/index.php?rest_route=\/wp\/v2\/types\/post"}],"author":[{"embeddable":true,"href":"https:\/\/wgphoto.pl\/t\/index.php?rest_route=\/wp\/v2\/users\/1"}],"replies":[{"embeddable":true,"href":"https:\/\/wgphoto.pl\/t\/index.php?rest_route=%2Fwp%2Fv2%2Fcomments&post=10824"}],"version-history":[{"count":1,"href":"https:\/\/wgphoto.pl\/t\/index.php?rest_route=\/wp\/v2\/posts\/10824\/revisions"}],"predecessor-version":[{"id":10826,"href":"https:\/\/wgphoto.pl\/t\/index.php?rest_route=\/wp\/v2\/posts\/10824\/revisions\/10826"}],"wp:featuredmedia":[{"embeddable":true,"href":"https:\/\/wgphoto.pl\/t\/index.php?rest_route=\/wp\/v2\/media\/10825"}],"wp:attachment":[{"href":"https:\/\/wgphoto.pl\/t\/index.php?rest_route=%2Fwp%2Fv2%2Fmedia&parent=10824"}],"wp:term":[{"taxonomy":"category","embeddable":true,"href":"https:\/\/wgphoto.pl\/t\/index.php?rest_route=%2Fwp%2Fv2%2Fcategories&post=10824"},{"taxonomy":"post_tag","embeddable":true,"href":"https:\/\/wgphoto.pl\/t\/index.php?rest_route=%2Fwp%2Fv2%2Ftags&post=10824"}],"curies":[{"name":"wp","href":"https:\/\/api.w.org\/{rel}","templated":true}]}}