{"id":10827,"date":"2025-01-26T21:18:43","date_gmt":"2025-01-26T20:18:43","guid":{"rendered":"https:\/\/wgphoto.pl\/t\/?p=10827"},"modified":"2025-01-26T21:18:43","modified_gmt":"2025-01-26T20:18:43","slug":"odrobina-geografii","status":"publish","type":"post","link":"https:\/\/wgphoto.pl\/t\/?p=10827","title":{"rendered":"Odrobina geografii"},"content":{"rendered":"\n<figure class=\"wp-block-image aligncenter size-full\"><img loading=\"lazy\" decoding=\"async\" width=\"1200\" height=\"795\" src=\"https:\/\/wgphoto.pl\/t\/wp-content\/uploads\/2025\/01\/IMGP7406.jpg\" alt=\"\" class=\"wp-image-10828\" srcset=\"https:\/\/wgphoto.pl\/t\/wp-content\/uploads\/2025\/01\/IMGP7406.jpg 1200w, https:\/\/wgphoto.pl\/t\/wp-content\/uploads\/2025\/01\/IMGP7406-300x199.jpg 300w, https:\/\/wgphoto.pl\/t\/wp-content\/uploads\/2025\/01\/IMGP7406-768x509.jpg 768w\" sizes=\"auto, (max-width: 1200px) 100vw, 1200px\" \/><\/figure>\n\n\n\n<div class=\"wp-block-group has-global-padding is-layout-constrained wp-block-group-is-layout-constrained\">\n<p>Tramwaj wracaj\u0105cy do miasta zatrzymuje si\u0119 na drugim przystanku poza kampusem. Pierwszym i zarazem pocz\u0105tkowym jest p\u0119tla, na kt\u00f3rej odbywaj\u0105 post\u00f3j tramwaje, kt\u00f3re po przyje\u017adzie z centrum zaliczy\u0142y ju\u017c rund\u0119 przez teren uniwersytetu. W tle dostrzec mo\u017cna g\u0142\u00f3wny obiekt wczorajszego kadru, a dalej rozci\u0105gaj\u0105 si\u0119 ju\u017c tylko wysuszone obszary Wy\u017cyny Anatolijskiej. Sama Konya le\u017cy na wysoko\u015bci ok. 1000 m n.p.m., a otaczaj\u0105ce j\u0105 g\u00f3ry (cho\u0107 akurat nie te widoczne na zdj\u0119ciu) mierz\u0105 skromne 2500 m n.p.m., co i tak jest kiepskim wynikiem jak na Turcj\u0119. 2016-10-07<\/p>\n<\/div>\n","protected":false},"excerpt":{"rendered":"<p>Tramwaj wracaj\u0105cy do miasta zatrzymuje si\u0119 na drugim przystanku poza kampusem. Pierwszym i zarazem pocz\u0105tkowym jest p\u0119tla, na kt\u00f3rej odbywaj\u0105 post\u00f3j tramwaje, kt\u00f3re po przyje\u017adzie z centrum zaliczy\u0142y ju\u017c rund\u0119 przez teren uniwersytetu. W tle dostrzec mo\u017cna g\u0142\u00f3wny obiekt wczorajszego kadru, a dalej rozci\u0105gaj\u0105 si\u0119 ju\u017c tylko wysuszone obszary Wy\u017cyny Anatolijskiej. Sama Konya le\u017cy na [&hellip;]<\/p>\n","protected":false},"author":1,"featured_media":10828,"comment_status":"open","ping_status":"","sticky":false,"template":"","format":"standard","meta":{"footnotes":""},"categories":[125,3],"tags":[929,928,143,930,927,931],"class_list":["post-10827","post","type-post","status-publish","format-standard","has-post-thumbnail","hentry","category-rok-2016","category-tramwaj","tag-2016-10-07","tag-konya","tag-ponad-30m","tag-skoda-28t","tag-turcja","tag-turcja-2016"],"_links":{"self":[{"href":"https:\/\/wgphoto.pl\/t\/index.php?rest_route=\/wp\/v2\/posts\/10827","targetHints":{"allow":["GET"]}}],"collection":[{"href":"https:\/\/wgphoto.pl\/t\/index.php?rest_route=\/wp\/v2\/posts"}],"about":[{"href":"https:\/\/wgphoto.pl\/t\/index.php?rest_route=\/wp\/v2\/types\/post"}],"author":[{"embeddable":true,"href":"https:\/\/wgphoto.pl\/t\/index.php?rest_route=\/wp\/v2\/users\/1"}],"replies":[{"embeddable":true,"href":"https:\/\/wgphoto.pl\/t\/index.php?rest_route=%2Fwp%2Fv2%2Fcomments&post=10827"}],"version-history":[{"count":1,"href":"https:\/\/wgphoto.pl\/t\/index.php?rest_route=\/wp\/v2\/posts\/10827\/revisions"}],"predecessor-version":[{"id":10829,"href":"https:\/\/wgphoto.pl\/t\/index.php?rest_route=\/wp\/v2\/posts\/10827\/revisions\/10829"}],"wp:featuredmedia":[{"embeddable":true,"href":"https:\/\/wgphoto.pl\/t\/index.php?rest_route=\/wp\/v2\/media\/10828"}],"wp:attachment":[{"href":"https:\/\/wgphoto.pl\/t\/index.php?rest_route=%2Fwp%2Fv2%2Fmedia&parent=10827"}],"wp:term":[{"taxonomy":"category","embeddable":true,"href":"https:\/\/wgphoto.pl\/t\/index.php?rest_route=%2Fwp%2Fv2%2Fcategories&post=10827"},{"taxonomy":"post_tag","embeddable":true,"href":"https:\/\/wgphoto.pl\/t\/index.php?rest_route=%2Fwp%2Fv2%2Ftags&post=10827"}],"curies":[{"name":"wp","href":"https:\/\/api.w.org\/{rel}","templated":true}]}}