{"id":10836,"date":"2025-01-26T21:43:02","date_gmt":"2025-01-26T20:43:02","guid":{"rendered":"https:\/\/wgphoto.pl\/t\/?p=10836"},"modified":"2025-01-26T21:43:02","modified_gmt":"2025-01-26T20:43:02","slug":"masyw-slezy","status":"publish","type":"post","link":"https:\/\/wgphoto.pl\/t\/?p=10836","title":{"rendered":"Masyw \u015al\u0119\u017cy"},"content":{"rendered":"\n<figure class=\"wp-block-image aligncenter size-full\"><img loading=\"lazy\" decoding=\"async\" width=\"1024\" height=\"685\" src=\"https:\/\/wgphoto.pl\/t\/wp-content\/uploads\/2025\/01\/IMGP5672.jpg\" alt=\"\" class=\"wp-image-10837\" srcset=\"https:\/\/wgphoto.pl\/t\/wp-content\/uploads\/2025\/01\/IMGP5672.jpg 1024w, https:\/\/wgphoto.pl\/t\/wp-content\/uploads\/2025\/01\/IMGP5672-300x201.jpg 300w, https:\/\/wgphoto.pl\/t\/wp-content\/uploads\/2025\/01\/IMGP5672-768x514.jpg 768w\" sizes=\"auto, (max-width: 1024px) 100vw, 1024px\" \/><\/figure>\n\n\n\n<div class=\"wp-block-group has-global-padding is-layout-constrained wp-block-group-is-layout-constrained\">\n<p>Mietk\u00f3w &#8211; K\u0105ty Wroc\u0142awskie. Poci\u0105g osobowy 212 relacji Szklarska Por\u0119ba G\u00f3rna &#8211; Wroc\u0142aw G\u0142\u00f3wny mija charakterystyczn\u0105 sylwetk\u0119 Masywu \u015al\u0119\u017cy. By\u0107 mo\u017ce kiedy\u015b poprawi\u0119 to uj\u0119cie fotografuj\u0105c ze szczytu pag\u00f3rka, gdy ten nie b\u0119dzie poro\u015bni\u0119ty rzepakiem oraz gdy s\u0142o\u0144ce r\u00f3wnomiernie b\u0119dzie o\u015bwietla\u0142o ca\u0142y kadr, \u0142\u0105cznie z drugim planem. 2009-05-09<\/p>\n<\/div>\n","protected":false},"excerpt":{"rendered":"<p>Mietk\u00f3w &#8211; K\u0105ty Wroc\u0142awskie. Poci\u0105g osobowy 212 relacji Szklarska Por\u0119ba G\u00f3rna &#8211; Wroc\u0142aw G\u0142\u00f3wny mija charakterystyczn\u0105 sylwetk\u0119 Masywu \u015al\u0119\u017cy. By\u0107 mo\u017ce kiedy\u015b poprawi\u0119 to uj\u0119cie fotografuj\u0105c ze szczytu pag\u00f3rka, gdy ten nie b\u0119dzie poro\u015bni\u0119ty rzepakiem oraz gdy s\u0142o\u0144ce r\u00f3wnomiernie b\u0119dzie o\u015bwietla\u0142o ca\u0142y kadr, \u0142\u0105cznie z drugim planem. 2009-05-09<\/p>\n","protected":false},"author":1,"featured_media":10837,"comment_status":"open","ping_status":"","sticky":false,"template":"","format":"standard","meta":{"footnotes":""},"categories":[2,169],"tags":[2405,122,114,2404,2403,63,27,200,294],"class_list":["post-10836","post","type-post","status-publish","format-standard","has-post-thumbnail","hentry","category-kolej","category-rok-2009","tag-2009-05-09","tag-eu07","tag-gory","tag-katy-wroclawskie","tag-mietkow","tag-pkp","tag-polska","tag-tab-pl240","tag-wiosna"],"_links":{"self":[{"href":"https:\/\/wgphoto.pl\/t\/index.php?rest_route=\/wp\/v2\/posts\/10836","targetHints":{"allow":["GET"]}}],"collection":[{"href":"https:\/\/wgphoto.pl\/t\/index.php?rest_route=\/wp\/v2\/posts"}],"about":[{"href":"https:\/\/wgphoto.pl\/t\/index.php?rest_route=\/wp\/v2\/types\/post"}],"author":[{"embeddable":true,"href":"https:\/\/wgphoto.pl\/t\/index.php?rest_route=\/wp\/v2\/users\/1"}],"replies":[{"embeddable":true,"href":"https:\/\/wgphoto.pl\/t\/index.php?rest_route=%2Fwp%2Fv2%2Fcomments&post=10836"}],"version-history":[{"count":1,"href":"https:\/\/wgphoto.pl\/t\/index.php?rest_route=\/wp\/v2\/posts\/10836\/revisions"}],"predecessor-version":[{"id":10838,"href":"https:\/\/wgphoto.pl\/t\/index.php?rest_route=\/wp\/v2\/posts\/10836\/revisions\/10838"}],"wp:featuredmedia":[{"embeddable":true,"href":"https:\/\/wgphoto.pl\/t\/index.php?rest_route=\/wp\/v2\/media\/10837"}],"wp:attachment":[{"href":"https:\/\/wgphoto.pl\/t\/index.php?rest_route=%2Fwp%2Fv2%2Fmedia&parent=10836"}],"wp:term":[{"taxonomy":"category","embeddable":true,"href":"https:\/\/wgphoto.pl\/t\/index.php?rest_route=%2Fwp%2Fv2%2Fcategories&post=10836"},{"taxonomy":"post_tag","embeddable":true,"href":"https:\/\/wgphoto.pl\/t\/index.php?rest_route=%2Fwp%2Fv2%2Ftags&post=10836"}],"curies":[{"name":"wp","href":"https:\/\/api.w.org\/{rel}","templated":true}]}}