{"id":10842,"date":"2025-01-26T22:01:22","date_gmt":"2025-01-26T21:01:22","guid":{"rendered":"https:\/\/wgphoto.pl\/t\/?p=10842"},"modified":"2025-01-26T22:01:22","modified_gmt":"2025-01-26T21:01:22","slug":"rozgalezienie","status":"publish","type":"post","link":"https:\/\/wgphoto.pl\/t\/?p=10842","title":{"rendered":"Rozga\u0142\u0119zienie"},"content":{"rendered":"\n<figure class=\"wp-block-image aligncenter size-full\"><img loading=\"lazy\" decoding=\"async\" width=\"990\" height=\"660\" src=\"https:\/\/wgphoto.pl\/t\/wp-content\/uploads\/2025\/01\/IMGP3011.jpg\" alt=\"\" class=\"wp-image-10843\" srcset=\"https:\/\/wgphoto.pl\/t\/wp-content\/uploads\/2025\/01\/IMGP3011.jpg 990w, https:\/\/wgphoto.pl\/t\/wp-content\/uploads\/2025\/01\/IMGP3011-300x200.jpg 300w, https:\/\/wgphoto.pl\/t\/wp-content\/uploads\/2025\/01\/IMGP3011-768x512.jpg 768w\" sizes=\"auto, (max-width: 990px) 100vw, 990px\" \/><\/figure>\n\n\n\n<div class=\"wp-block-group has-global-padding is-layout-constrained wp-block-group-is-layout-constrained\">\n<p>Sirio wy\u0142ania si\u0119 spo\u015br\u00f3d ska\u0142 zbli\u017caj\u0105c si\u0119 do rozga\u0142\u0119zienia linii do Bergsj\u00f6n (sk\u0105d przybywa) i Kortedali (gdzie nie by\u0142em, bo na jednoprzystankowy ogryzek zabrak\u0142o ch\u0119ci i czasu). 20.08.2011<\/p>\n<\/div>\n","protected":false},"excerpt":{"rendered":"<p>Sirio wy\u0142ania si\u0119 spo\u015br\u00f3d ska\u0142 zbli\u017caj\u0105c si\u0119 do rozga\u0142\u0119zienia linii do Bergsj\u00f6n (sk\u0105d przybywa) i Kortedali (gdzie nie by\u0142em, bo na jednoprzystankowy ogryzek zabrak\u0142o ch\u0119ci i czasu). 20.08.2011<\/p>\n","protected":false},"author":1,"featured_media":10843,"comment_status":"open","ping_status":"","sticky":false,"template":"","format":"standard","meta":{"footnotes":""},"categories":[77,3],"tags":[1592,1591,1594,3056,831,244,685],"class_list":["post-10842","post","type-post","status-publish","format-standard","has-post-thumbnail","hentry","category-rok-2011","category-tramwaj","tag-2011-08-20","tag-goteborg","tag-gs-goteborg","tag-m32","tag-sirio","tag-skaly","tag-szwecja"],"_links":{"self":[{"href":"https:\/\/wgphoto.pl\/t\/index.php?rest_route=\/wp\/v2\/posts\/10842","targetHints":{"allow":["GET"]}}],"collection":[{"href":"https:\/\/wgphoto.pl\/t\/index.php?rest_route=\/wp\/v2\/posts"}],"about":[{"href":"https:\/\/wgphoto.pl\/t\/index.php?rest_route=\/wp\/v2\/types\/post"}],"author":[{"embeddable":true,"href":"https:\/\/wgphoto.pl\/t\/index.php?rest_route=\/wp\/v2\/users\/1"}],"replies":[{"embeddable":true,"href":"https:\/\/wgphoto.pl\/t\/index.php?rest_route=%2Fwp%2Fv2%2Fcomments&post=10842"}],"version-history":[{"count":1,"href":"https:\/\/wgphoto.pl\/t\/index.php?rest_route=\/wp\/v2\/posts\/10842\/revisions"}],"predecessor-version":[{"id":10844,"href":"https:\/\/wgphoto.pl\/t\/index.php?rest_route=\/wp\/v2\/posts\/10842\/revisions\/10844"}],"wp:featuredmedia":[{"embeddable":true,"href":"https:\/\/wgphoto.pl\/t\/index.php?rest_route=\/wp\/v2\/media\/10843"}],"wp:attachment":[{"href":"https:\/\/wgphoto.pl\/t\/index.php?rest_route=%2Fwp%2Fv2%2Fmedia&parent=10842"}],"wp:term":[{"taxonomy":"category","embeddable":true,"href":"https:\/\/wgphoto.pl\/t\/index.php?rest_route=%2Fwp%2Fv2%2Fcategories&post=10842"},{"taxonomy":"post_tag","embeddable":true,"href":"https:\/\/wgphoto.pl\/t\/index.php?rest_route=%2Fwp%2Fv2%2Ftags&post=10842"}],"curies":[{"name":"wp","href":"https:\/\/api.w.org\/{rel}","templated":true}]}}