{"id":10845,"date":"2025-01-26T22:02:50","date_gmt":"2025-01-26T21:02:50","guid":{"rendered":"https:\/\/wgphoto.pl\/t\/?p=10845"},"modified":"2025-01-26T22:02:50","modified_gmt":"2025-01-26T21:02:50","slug":"muzulmanska-tatra-o-zmierzchu","status":"publish","type":"post","link":"https:\/\/wgphoto.pl\/t\/?p=10845","title":{"rendered":"Muzu\u0142ma\u0144ska tatra o zmierzchu"},"content":{"rendered":"\n<figure class=\"wp-block-image aligncenter size-full\"><img loading=\"lazy\" decoding=\"async\" width=\"600\" height=\"900\" src=\"https:\/\/wgphoto.pl\/t\/wp-content\/uploads\/2025\/01\/IMGP3427.jpg\" alt=\"\" class=\"wp-image-10846\" srcset=\"https:\/\/wgphoto.pl\/t\/wp-content\/uploads\/2025\/01\/IMGP3427.jpg 600w, https:\/\/wgphoto.pl\/t\/wp-content\/uploads\/2025\/01\/IMGP3427-200x300.jpg 200w\" sizes=\"auto, (max-width: 600px) 100vw, 600px\" \/><\/figure>\n\n\n\n<div class=\"wp-block-group has-global-padding is-layout-constrained wp-block-group-is-layout-constrained\">\n<p>Sarajewo, ul. Telali. Ryflowana tatra w malowaniu zak\u0142adowym zatrzyma\u0142a si\u0119 na ko\u0144cowo &#8211; pocz\u0105tkowym przystanku Ba\u0161\u010dar\u0161ija, kt\u00f3ry sw\u0105 nazw\u0119 czerpie od pobliskiego bazaru i zlokalizowany jest w s\u0105siedztwie meczetu Gazi Husrev-bega. Go\u015bci\u0142o tu ju\u017c takie uj\u0119cie, wykonane banalnie w \u015bwietle dziennym. Jako \u017ce Sarajewo urzek\u0142o mnie swym wygl\u0105dem o zmierzchu, oczywist\u0105 sta\u0142a si\u0119 powt\u00f3rka w &#8222;z\u0142otej godzinie&#8221;. 23.08.2011<\/p>\n<\/div>\n","protected":false},"excerpt":{"rendered":"<p>Sarajewo, ul. Telali. Ryflowana tatra w malowaniu zak\u0142adowym zatrzyma\u0142a si\u0119 na ko\u0144cowo &#8211; pocz\u0105tkowym przystanku Ba\u0161\u010dar\u0161ija, kt\u00f3ry sw\u0105 nazw\u0119 czerpie od pobliskiego bazaru i zlokalizowany jest w s\u0105siedztwie meczetu Gazi Husrev-bega. Go\u015bci\u0142o tu ju\u017c takie uj\u0119cie, wykonane banalnie w \u015bwietle dziennym. Jako \u017ce Sarajewo urzek\u0142o mnie swym wygl\u0105dem o zmierzchu, oczywist\u0105 sta\u0142a si\u0119 powt\u00f3rka w [&hellip;]<\/p>\n","protected":false},"author":1,"featured_media":10846,"comment_status":"open","ping_status":"","sticky":false,"template":"","format":"standard","meta":{"footnotes":""},"categories":[128,77,3],"tags":[446,34,91,447,1522,151,448,994,90],"class_list":["post-10845","post","type-post","status-publish","format-standard","has-post-thumbnail","hentry","category-pionowe","category-rok-2011","category-tramwaj","tag-2011-08-23","tag-architektura","tag-blue-hour","tag-bosnia-i-hercegowina","tag-gras-sarajevo","tag-ludzie","tag-sarajewo","tag-tatra-k2","tag-wieczorem"],"_links":{"self":[{"href":"https:\/\/wgphoto.pl\/t\/index.php?rest_route=\/wp\/v2\/posts\/10845","targetHints":{"allow":["GET"]}}],"collection":[{"href":"https:\/\/wgphoto.pl\/t\/index.php?rest_route=\/wp\/v2\/posts"}],"about":[{"href":"https:\/\/wgphoto.pl\/t\/index.php?rest_route=\/wp\/v2\/types\/post"}],"author":[{"embeddable":true,"href":"https:\/\/wgphoto.pl\/t\/index.php?rest_route=\/wp\/v2\/users\/1"}],"replies":[{"embeddable":true,"href":"https:\/\/wgphoto.pl\/t\/index.php?rest_route=%2Fwp%2Fv2%2Fcomments&post=10845"}],"version-history":[{"count":1,"href":"https:\/\/wgphoto.pl\/t\/index.php?rest_route=\/wp\/v2\/posts\/10845\/revisions"}],"predecessor-version":[{"id":10847,"href":"https:\/\/wgphoto.pl\/t\/index.php?rest_route=\/wp\/v2\/posts\/10845\/revisions\/10847"}],"wp:featuredmedia":[{"embeddable":true,"href":"https:\/\/wgphoto.pl\/t\/index.php?rest_route=\/wp\/v2\/media\/10846"}],"wp:attachment":[{"href":"https:\/\/wgphoto.pl\/t\/index.php?rest_route=%2Fwp%2Fv2%2Fmedia&parent=10845"}],"wp:term":[{"taxonomy":"category","embeddable":true,"href":"https:\/\/wgphoto.pl\/t\/index.php?rest_route=%2Fwp%2Fv2%2Fcategories&post=10845"},{"taxonomy":"post_tag","embeddable":true,"href":"https:\/\/wgphoto.pl\/t\/index.php?rest_route=%2Fwp%2Fv2%2Ftags&post=10845"}],"curies":[{"name":"wp","href":"https:\/\/api.w.org\/{rel}","templated":true}]}}