{"id":10848,"date":"2025-01-26T22:04:03","date_gmt":"2025-01-26T21:04:03","guid":{"rendered":"https:\/\/wgphoto.pl\/t\/?p=10848"},"modified":"2025-01-26T22:04:03","modified_gmt":"2025-01-26T21:04:03","slug":"wiezowiec","status":"publish","type":"post","link":"https:\/\/wgphoto.pl\/t\/?p=10848","title":{"rendered":"Wie\u017cowiec"},"content":{"rendered":"\n<figure class=\"wp-block-image aligncenter size-full\"><img loading=\"lazy\" decoding=\"async\" width=\"585\" height=\"900\" src=\"https:\/\/wgphoto.pl\/t\/wp-content\/uploads\/2025\/01\/IMGP3392.jpg\" alt=\"\" class=\"wp-image-10849\" srcset=\"https:\/\/wgphoto.pl\/t\/wp-content\/uploads\/2025\/01\/IMGP3392.jpg 585w, https:\/\/wgphoto.pl\/t\/wp-content\/uploads\/2025\/01\/IMGP3392-195x300.jpg 195w\" sizes=\"auto, (max-width: 585px) 100vw, 585px\" \/><\/figure>\n\n\n\n<div class=\"wp-block-group has-global-padding is-layout-constrained wp-block-group-is-layout-constrained\">\n<p>Sarajewo, p\u0119tla \u017deljezni\u010dka stanica. Tatra K2YU 276, ta sama co na poprzednim zdj\u0119ciu, z\u0142apana na drugim kra\u0144cu linii 1, w dosy\u0107 oklepanym uj\u0119ciu z najwy\u017cszym wie\u017cowcem na Ba\u0142kanach &#8211; licz\u0105c\u0105 172 metry (wraz z anten\u0105) siedzib\u0105 gazety &#8222;Avaz&#8221;. Niebo za dnia jest r\u00f3wnie niebieskie jak wieczorem. \ud83d\ude09 23.08.2011<\/p>\n<\/div>\n","protected":false},"excerpt":{"rendered":"<p>Sarajewo, p\u0119tla \u017deljezni\u010dka stanica. Tatra K2YU 276, ta sama co na poprzednim zdj\u0119ciu, z\u0142apana na drugim kra\u0144cu linii 1, w dosy\u0107 oklepanym uj\u0119ciu z najwy\u017cszym wie\u017cowcem na Ba\u0142kanach &#8211; licz\u0105c\u0105 172 metry (wraz z anten\u0105) siedzib\u0105 gazety &#8222;Avaz&#8221;. Niebo za dnia jest r\u00f3wnie niebieskie jak wieczorem. \ud83d\ude09 23.08.2011<\/p>\n","protected":false},"author":1,"featured_media":10849,"comment_status":"open","ping_status":"","sticky":false,"template":"","format":"standard","meta":{"footnotes":""},"categories":[128,77,3],"tags":[446,34,447,1522,448],"class_list":["post-10848","post","type-post","status-publish","format-standard","has-post-thumbnail","hentry","category-pionowe","category-rok-2011","category-tramwaj","tag-2011-08-23","tag-architektura","tag-bosnia-i-hercegowina","tag-gras-sarajevo","tag-sarajewo"],"_links":{"self":[{"href":"https:\/\/wgphoto.pl\/t\/index.php?rest_route=\/wp\/v2\/posts\/10848","targetHints":{"allow":["GET"]}}],"collection":[{"href":"https:\/\/wgphoto.pl\/t\/index.php?rest_route=\/wp\/v2\/posts"}],"about":[{"href":"https:\/\/wgphoto.pl\/t\/index.php?rest_route=\/wp\/v2\/types\/post"}],"author":[{"embeddable":true,"href":"https:\/\/wgphoto.pl\/t\/index.php?rest_route=\/wp\/v2\/users\/1"}],"replies":[{"embeddable":true,"href":"https:\/\/wgphoto.pl\/t\/index.php?rest_route=%2Fwp%2Fv2%2Fcomments&post=10848"}],"version-history":[{"count":1,"href":"https:\/\/wgphoto.pl\/t\/index.php?rest_route=\/wp\/v2\/posts\/10848\/revisions"}],"predecessor-version":[{"id":10850,"href":"https:\/\/wgphoto.pl\/t\/index.php?rest_route=\/wp\/v2\/posts\/10848\/revisions\/10850"}],"wp:featuredmedia":[{"embeddable":true,"href":"https:\/\/wgphoto.pl\/t\/index.php?rest_route=\/wp\/v2\/media\/10849"}],"wp:attachment":[{"href":"https:\/\/wgphoto.pl\/t\/index.php?rest_route=%2Fwp%2Fv2%2Fmedia&parent=10848"}],"wp:term":[{"taxonomy":"category","embeddable":true,"href":"https:\/\/wgphoto.pl\/t\/index.php?rest_route=%2Fwp%2Fv2%2Fcategories&post=10848"},{"taxonomy":"post_tag","embeddable":true,"href":"https:\/\/wgphoto.pl\/t\/index.php?rest_route=%2Fwp%2Fv2%2Ftags&post=10848"}],"curies":[{"name":"wp","href":"https:\/\/api.w.org\/{rel}","templated":true}]}}