{"id":10866,"date":"2025-01-26T22:10:48","date_gmt":"2025-01-26T21:10:48","guid":{"rendered":"https:\/\/wgphoto.pl\/t\/?p=10866"},"modified":"2025-01-26T22:53:35","modified_gmt":"2025-01-26T21:53:35","slug":"ulf-b-nr-663","status":"publish","type":"post","link":"https:\/\/wgphoto.pl\/t\/?p=10866","title":{"rendered":"ULF B nr 663"},"content":{"rendered":"\n<figure class=\"wp-block-image aligncenter size-full\"><img loading=\"lazy\" decoding=\"async\" width=\"1400\" height=\"927\" src=\"https:\/\/wgphoto.pl\/t\/wp-content\/uploads\/2025\/01\/IMGP1141.jpg\" alt=\"\" class=\"wp-image-10897\" srcset=\"https:\/\/wgphoto.pl\/t\/wp-content\/uploads\/2025\/01\/IMGP1141.jpg 1400w, https:\/\/wgphoto.pl\/t\/wp-content\/uploads\/2025\/01\/IMGP1141-300x199.jpg 300w, https:\/\/wgphoto.pl\/t\/wp-content\/uploads\/2025\/01\/IMGP1141-768x509.jpg 768w\" sizes=\"auto, (max-width: 1400px) 100vw, 1400px\" \/><\/figure>\n\n\n\n<div class=\"wp-block-group has-global-padding is-layout-constrained wp-block-group-is-layout-constrained\">\n<p>Wiede\u0144, Pirquetgasse. Typowy wiede\u0144ski tramwaj (po 15 latach od pierwszych seryjnych dostaw ULF-\u00f3w tak chyba nale\u017cy o nich zacz\u0105\u0107 m\u00f3wi\u0107) zatrzymuje si\u0119 na typowym wiede\u0144skim przystanku. 23.12.2013<\/p>\n<\/div>\n","protected":false},"excerpt":{"rendered":"<p>Wiede\u0144, Pirquetgasse. Typowy wiede\u0144ski tramwaj (po 15 latach od pierwszych seryjnych dostaw ULF-\u00f3w tak chyba nale\u017cy o nich zacz\u0105\u0107 m\u00f3wi\u0107) zatrzymuje si\u0119 na typowym wiede\u0144skim przystanku. 23.12.2013<\/p>\n","protected":false},"author":1,"featured_media":10897,"comment_status":"open","ping_status":"","sticky":false,"template":"","format":"standard","meta":{"footnotes":""},"categories":[55,3],"tags":[826,9,219,271,97,98],"class_list":["post-10866","post","type-post","status-publish","format-standard","has-post-thumbnail","hentry","category-rok-2013","category-tramwaj","tag-2013-12-23","tag-austria","tag-przystanek","tag-ulf","tag-wieden","tag-wiener-linien"],"_links":{"self":[{"href":"https:\/\/wgphoto.pl\/t\/index.php?rest_route=\/wp\/v2\/posts\/10866","targetHints":{"allow":["GET"]}}],"collection":[{"href":"https:\/\/wgphoto.pl\/t\/index.php?rest_route=\/wp\/v2\/posts"}],"about":[{"href":"https:\/\/wgphoto.pl\/t\/index.php?rest_route=\/wp\/v2\/types\/post"}],"author":[{"embeddable":true,"href":"https:\/\/wgphoto.pl\/t\/index.php?rest_route=\/wp\/v2\/users\/1"}],"replies":[{"embeddable":true,"href":"https:\/\/wgphoto.pl\/t\/index.php?rest_route=%2Fwp%2Fv2%2Fcomments&post=10866"}],"version-history":[{"count":2,"href":"https:\/\/wgphoto.pl\/t\/index.php?rest_route=\/wp\/v2\/posts\/10866\/revisions"}],"predecessor-version":[{"id":10898,"href":"https:\/\/wgphoto.pl\/t\/index.php?rest_route=\/wp\/v2\/posts\/10866\/revisions\/10898"}],"wp:featuredmedia":[{"embeddable":true,"href":"https:\/\/wgphoto.pl\/t\/index.php?rest_route=\/wp\/v2\/media\/10897"}],"wp:attachment":[{"href":"https:\/\/wgphoto.pl\/t\/index.php?rest_route=%2Fwp%2Fv2%2Fmedia&parent=10866"}],"wp:term":[{"taxonomy":"category","embeddable":true,"href":"https:\/\/wgphoto.pl\/t\/index.php?rest_route=%2Fwp%2Fv2%2Fcategories&post=10866"},{"taxonomy":"post_tag","embeddable":true,"href":"https:\/\/wgphoto.pl\/t\/index.php?rest_route=%2Fwp%2Fv2%2Ftags&post=10866"}],"curies":[{"name":"wp","href":"https:\/\/api.w.org\/{rel}","templated":true}]}}